{"id":163443,"date":"2025-11-24T14:25:17","date_gmt":"2025-11-24T14:25:17","guid":{"rendered":"https:\/\/www.europesays.com\/pt\/163443\/"},"modified":"2025-11-24T14:25:17","modified_gmt":"2025-11-24T14:25:17","slug":"video-estudiantes-protesta-titulo-do-rosario-central-e-faz-guarda-de-honra-de-costas","status":"publish","type":"post","link":"https:\/\/www.europesays.com\/pt\/163443\/","title":{"rendered":"V\u00cdDEO: Estudiantes protesta t\u00edtulo do Rosario Central e faz guarda de honra&#8230; de costas"},"content":{"rendered":"<p>Est\u00e1 o caldo entornado na Argentina. O Rosario Central, de \u00c1ngel Di Mar\u00eda, <a href=\"https:\/\/maisfutebol.iol.pt\/internacional\/argentina\/di-maria-sagra-se-campeao-no-rosario-central-com-titulo-que-nao-existia\" rel=\"nofollow noopener\" target=\"_blank\">foi considerado campe\u00e3o na secretaria<\/a> com um t\u00edtulo que nem existia. Ora, esta decis\u00e3o foi tomada numa reuni\u00e3o com representantes dos clubes argentinos.<\/p>\n<p>No entanto, o Estudiantes alega que n\u00e3o houve vota\u00e7\u00e3o para esta decis\u00e3o, n\u00e3o reconhecendo, portanto, o t\u00edtulo do Rosario Central. Nesta sexta-feira as equipas <a href=\"https:\/\/maisfutebol.iol.pt\/argentina\/rosario-central\/video-rosario-central-de-di-maria-eliminado-nos-oitavos-do-clausura\" rel=\"nofollow noopener\" target=\"_blank\">mediram for\u00e7as para os \u00aboitavos\u00bb do Torneio Clausura<\/a>.\u00a0<\/p>\n<p>Foi, ent\u00e3o, pedido aos jogadores do Estudiantes que formassem uma guarda de honra para homenagear os mais recentes campe\u00f5es. O pedido foi cumprido&#8230; de costas.\u00a0<\/p>\n<p>Segundo o TyC Sports , a iniciativa partiu do pr\u00f3prio plantel, e n\u00e3o da dire\u00e7\u00e3o do clube, liderada por Juan Sebasti\u00e1n Ver\u00f3n. Com D\u00ed Maria na frente, os jogadores do Rosario n\u00e3o pareceram afetados com o protesto dos advers\u00e1rios.<\/p>\n<p>Di Mar\u00eda comentou a atitude dos colegas de profiss\u00e3o, em flash interview ap\u00f3s o jogo, afirmando que o Ros\u00e1rio Catedral n\u00e3o \u00abprocurou\u00bb pelo t\u00edtulo.\u00a0<\/p>\n<p>\u00abN\u00f3s n\u00e3o procur\u00e1mos isso [a decis\u00e3o do t\u00edtulo]. Isso veio das equipas maiores e n\u00f3s apenas aceit\u00e1mos. Chamaram-nos para ir e fomos. Acredito que estavam todos os dirigentes e aprovaram. N\u00e3o \u00e9 culpa nossa que todos tenham aprovado. N\u00f3s sentimo-nos campe\u00f5es\u00bb, referiu o ex-Benfica.<\/p>\n","protected":false},"excerpt":{"rendered":"Est\u00e1 o caldo entornado na Argentina. O Rosario Central, de \u00c1ngel Di Mar\u00eda, foi considerado campe\u00e3o na secretaria&hellip;\n","protected":false},"author":2,"featured_media":163444,"comment_status":"","ping_status":"","sticky":false,"template":"","format":"standard","meta":{"footnotes":""},"categories":[87],"tags":[19237,2424,135,34618,4238,82,46,32,33,47,13080,134],"class_list":{"0":"post-163443","1":"post","2":"type-post","3":"status-publish","4":"format-standard","5":"has-post-thumbnail","7":"category-desporto","8":"tag-angel-di-maria","9":"tag-argentina","10":"tag-desporto","11":"tag-estudiantes","12":"tag-incrivel","13":"tag-internacional","14":"tag-maisfutebol","15":"tag-portugal","16":"tag-pt","17":"tag-pura-paixao","18":"tag-rosario-central","19":"tag-sports"},"share_on_mastodon":{"url":"https:\/\/pubeurope.com\/@pt\/115605138736252693","error":""},"_links":{"self":[{"href":"https:\/\/www.europesays.com\/pt\/wp-json\/wp\/v2\/posts\/163443","targetHints":{"allow":["GET"]}}],"collection":[{"href":"https:\/\/www.europesays.com\/pt\/wp-json\/wp\/v2\/posts"}],"about":[{"href":"https:\/\/www.europesays.com\/pt\/wp-json\/wp\/v2\/types\/post"}],"author":[{"embeddable":true,"href":"https:\/\/www.europesays.com\/pt\/wp-json\/wp\/v2\/users\/2"}],"replies":[{"embeddable":true,"href":"https:\/\/www.europesays.com\/pt\/wp-json\/wp\/v2\/comments?post=163443"}],"version-history":[{"count":0,"href":"https:\/\/www.europesays.com\/pt\/wp-json\/wp\/v2\/posts\/163443\/revisions"}],"wp:featuredmedia":[{"embeddable":true,"href":"https:\/\/www.europesays.com\/pt\/wp-json\/wp\/v2\/media\/163444"}],"wp:attachment":[{"href":"https:\/\/www.europesays.com\/pt\/wp-json\/wp\/v2\/media?parent=163443"}],"wp:term":[{"taxonomy":"category","embeddable":true,"href":"https:\/\/www.europesays.com\/pt\/wp-json\/wp\/v2\/categories?post=163443"},{"taxonomy":"post_tag","embeddable":true,"href":"https:\/\/www.europesays.com\/pt\/wp-json\/wp\/v2\/tags?post=163443"}],"curies":[{"name":"wp","href":"https:\/\/api.w.org\/{rel}","templated":true}]}}