{"id":163452,"date":"2025-11-24T14:31:14","date_gmt":"2025-11-24T14:31:14","guid":{"rendered":"https:\/\/www.europesays.com\/pt\/163452\/"},"modified":"2025-11-24T14:31:14","modified_gmt":"2025-11-24T14:31:14","slug":"corpo-de-homem-encontrado-com-sinais-de-morte-violenta-junto-a-estacao-de-servico-em-oeiras","status":"publish","type":"post","link":"https:\/\/www.europesays.com\/pt\/163452\/","title":{"rendered":"Corpo de homem encontrado \u201ccom sinais de morte violenta\u201d junto a esta\u00e7\u00e3o de servi\u00e7o em Oeiras"},"content":{"rendered":"<p>Um homem foi encontrado morto com sinais de viol\u00eancia, no domingo, na Estrada das V\u00e1rzeas, em Queijas, concelho de Oeiras.<\/p>\n<p>A informa\u00e7\u00e3o foi confirmada por fonte da Pol\u00edcia Judici\u00e1ria que adiantou, \u00e0 ag\u00eancia Lusa, que o corpo foi descoberto \u201cjunto a uma esta\u00e7\u00e3o de servi\u00e7o de Queijas\u201d, n\u00e3o dando mais pormenores sobre o assunto.<\/p>\n<p>J\u00e1 o Comando Metropolitano de Lisboa (Cometlis) da Pol\u00edcia de Seguran\u00e7a P\u00fablica (PSP) avan\u00e7ou, tamb\u00e9m, \u00e0 ag\u00eancia Lusa que o alerta foi dado atrav\u00e9s de uma comunica\u00e7\u00e3o para a esquadra de Queijas, cerca das 13h00 de domingo.<\/p>\n<p>\u201cFoi encontrado um corpo de homem com mais de 50 anos, com sinais de morte violenta, num canavial na Estrada das V\u00e1rzeas, em Queijas\u201d, disse a mesma fonte, acrescentando que a Pol\u00edcia judici\u00e1ria foi acionada de imediato.<\/p>\n","protected":false},"excerpt":{"rendered":"Um homem foi encontrado morto com sinais de viol\u00eancia, no domingo, na Estrada das V\u00e1rzeas, em Queijas, concelho&hellip;\n","protected":false},"author":2,"featured_media":163453,"comment_status":"","ping_status":"","sticky":false,"template":"","format":"standard","meta":{"footnotes":""},"categories":[10],"tags":[27,28,3570,15,16,14,25,26,21,22,1437,12,13,19,20,5663,4107,32,23,24,1306,33,34620,17,18,29,30,31,3097],"class_list":{"0":"post-163452","1":"post","2":"type-post","3":"status-publish","4":"format-standard","5":"has-post-thumbnail","7":"category-portugal","8":"tag-breaking-news","9":"tag-breakingnews","10":"tag-corpo","11":"tag-featured-news","12":"tag-featurednews","13":"tag-headlines","14":"tag-latest-news","15":"tag-latestnews","16":"tag-main-news","17":"tag-mainnews","18":"tag-morte","19":"tag-news","20":"tag-noticias","21":"tag-noticias-principais","22":"tag-noticiasprincipais","23":"tag-oeiras","24":"tag-pj","25":"tag-portugal","26":"tag-principais-noticias","27":"tag-principaisnoticias","28":"tag-psp","29":"tag-pt","30":"tag-queijas","31":"tag-top-stories","32":"tag-topstories","33":"tag-ultimas","34":"tag-ultimas-noticias","35":"tag-ultimasnoticias","36":"tag-violencia"},"share_on_mastodon":{"url":"https:\/\/pubeurope.com\/@pt\/115605162414642305","error":""},"_links":{"self":[{"href":"https:\/\/www.europesays.com\/pt\/wp-json\/wp\/v2\/posts\/163452","targetHints":{"allow":["GET"]}}],"collection":[{"href":"https:\/\/www.europesays.com\/pt\/wp-json\/wp\/v2\/posts"}],"about":[{"href":"https:\/\/www.europesays.com\/pt\/wp-json\/wp\/v2\/types\/post"}],"author":[{"embeddable":true,"href":"https:\/\/www.europesays.com\/pt\/wp-json\/wp\/v2\/users\/2"}],"replies":[{"embeddable":true,"href":"https:\/\/www.europesays.com\/pt\/wp-json\/wp\/v2\/comments?post=163452"}],"version-history":[{"count":0,"href":"https:\/\/www.europesays.com\/pt\/wp-json\/wp\/v2\/posts\/163452\/revisions"}],"wp:featuredmedia":[{"embeddable":true,"href":"https:\/\/www.europesays.com\/pt\/wp-json\/wp\/v2\/media\/163453"}],"wp:attachment":[{"href":"https:\/\/www.europesays.com\/pt\/wp-json\/wp\/v2\/media?parent=163452"}],"wp:term":[{"taxonomy":"category","embeddable":true,"href":"https:\/\/www.europesays.com\/pt\/wp-json\/wp\/v2\/categories?post=163452"},{"taxonomy":"post_tag","embeddable":true,"href":"https:\/\/www.europesays.com\/pt\/wp-json\/wp\/v2\/tags?post=163452"}],"curies":[{"name":"wp","href":"https:\/\/api.w.org\/{rel}","templated":true}]}}