{"id":163454,"date":"2025-11-24T14:32:11","date_gmt":"2025-11-24T14:32:11","guid":{"rendered":"https:\/\/www.europesays.com\/pt\/163454\/"},"modified":"2025-11-24T14:32:11","modified_gmt":"2025-11-24T14:32:11","slug":"ucrania-ue-congratula-se-com-novo-impulso-mas-lembra-que-ainda-ha-trabalho-a-fazer","status":"publish","type":"post","link":"https:\/\/www.europesays.com\/pt\/163454\/","title":{"rendered":"Ucr\u00e2nia. UE congratula-se com &#8220;novo impulso&#8221; mas lembra que &#8220;ainda h\u00e1 trabalho a fazer&#8221;"},"content":{"rendered":"<p>                O presidente do Conselho Europeu, Ant\u00f3nio Costa, anunciou esta segunda-feira que os 27 foram informados pelos Estados Unidos e pela Ucr\u00e2nia de que houve &#8220;progressos significativos&#8221; nas negocia\u00e7\u00f5es para a paz.<\/p>\n<p>Em confer\u00eancia de imprensa no final da reuni\u00e3o com os l\u00edderes da Uni\u00e3o Europeia esta manh\u00e3 em Luanda, a presidente da Comiss\u00e3o Europeia, Ursula von der Leyen, e o presidente do Conselho Europeu, Ant\u00f3nio Costa, saudaram o \u201cnovo \u00edmpeto\u201d nas negocia\u00e7\u00f5es de paz e afirmaram que, embora \u201calgumas quest\u00f5es ainda precisem ser resolvidas, a dire\u00e7\u00e3o \u00e9 positiva\u201d.<\/p>\n<p><b>\u201cUm envolvimento europeu eficiente e coordenado, bem como uma forte presen\u00e7a europeia em Genebra, permitiram-nos fazer progressos significativos nas negocia\u00e7\u00f5es para uma paz justa e duradoura na Ucr\u00e2nia\u201d, anunciou Von der Leyen.<\/b><\/p>\n<p><b>\u201cEmbora ainda haja trabalho a ser feito, agora existe uma base s\u00f3lida para avan\u00e7armos\u201d, disse. <\/b>\u201cAo fazermos isso, devemos permanecer unidos e continuar a colocar os melhores interesses da Ucr\u00e2nia no centro de nossos esfor\u00e7os\u201d, sublinhou.<\/p>\n<p>          <img decoding=\"async\" itemprop=\"image\" class=\"img-fluid\"   src=\"https:\/\/www.europesays.com\/pt\/wp-content\/uploads\/2025\/11\/de86adab8d86da9aeb5a5c0d05074bde_N.jpg\"\/><\/p>\n<p>A presidente da Comiss\u00e3o Europeu salientou ainda que \u201cdaqui para frente, o territ\u00f3rio e a soberania da Ucr\u00e2nia devem ser respeitados&#8221; e que &#8220;somente a Ucr\u00e2nia, como pa\u00eds soberano, pode tomar decis\u00f5es relativas \u00e0s suas for\u00e7as armadas&#8221;.<\/p>\n<p>\u201cA escolha do seu destino est\u00e1 nas suas pr\u00f3prias m\u00e3os. Quero tamb\u00e9m enfatizar a centralidade da Europa no futuro do pa\u00eds\u201d, asseverou.<\/p>\n<p>Durante o fim de semana decorreram reuni\u00f5es em Genebra entre ucranianos, americanos e europeus sobre as negocia\u00e7\u00f5es de paz para a Ucr\u00e2nia. <b>Em declara\u00e7\u00f5es sobre estes encontros, o presidente dos Estados Unidos, Donald Trump, adiantou que \u201calgo de bom pode estar a acontecer\u201d. <\/b><\/p>\n<p>&#13;<br \/>\n&#8220;Ser\u00e1 mesmo poss\u00edvel que grandes progressos estejam a ser feitos nas negocia\u00e7\u00f5es de paz entre a R\u00fassia e a Ucr\u00e2nia??? N\u00e3o acreditem at\u00e9 verem com os seus pr\u00f3prios olhos, mas algo bom pode estar a acontecer&#8221;, escreveu Trump numa publica\u00e7\u00e3o nas redes sociais.&#13;\n<\/p>\n<p>&#13;<br \/>\nO presidente do Conselho Europeu anunciou esta segunda-feira que os 27 foram informados pelos Estados Unidos e pela Ucr\u00e2nia de que houve \u201cprogressos significativos\u201d.&#13;\n<\/p>\n<p>\n<b>&#8220;A reuni\u00e3o de ontem, (domingo) em Genebra, entre os Estados Unidos, Ucr\u00e2nia, institui\u00e7\u00f5es da Uni\u00e3o Europeia e seus representantes ficou marcada por progressos significativos&#8221;, disse Ant\u00f3nio Costa em Luanda.<\/b><br \/>\n          <img decoding=\"async\" itemprop=\"image\" class=\"img-fluid\"   src=\"https:\/\/www.europesays.com\/pt\/wp-content\/uploads\/2025\/11\/67b6738a459b6e65cea51654bf544bff_N.jpg\"\/><\/p>\n<p>&#8220;Os Estados Unidos e a Ucr\u00e2nia informaram-nos que as discuss\u00f5es foram construtivas e que foram alcan\u00e7ados progressos em diversos assuntos. Saudamos este passo em frente e, apesar de alguns assuntos terem de ser resolvidos, a dire\u00e7\u00e3o \u00e9 positiva&#8221;, acrescentou.<\/p>\n<p>A Uni\u00e3o Europeia reafirmou ainda o apoio pol\u00edtico, econ\u00f3mico e militar \u00e0 Ucr\u00e2nia. <b>&#8220;A Uni\u00e3o Europeia est\u00e1 empenhada em continuar a prestar ao presidente Zelensky todo o apoio necess\u00e1rio &#8211; apoio diplom\u00e1tico, militar e econ\u00f3mico&#8221;, disse Costa aos jornalistas em Luanda.<\/b><\/p>\n<p>Os l\u00edderes da Uni\u00e3o Europeia reuniram-se em Angola para debater o processo de paz na Ucr\u00e2nia ap\u00f3s um convite do presidente do Conselho Europeu. O encontro ocorreu \u00e0 margem da cimeira entre a Uni\u00e3o Europeia e a Uni\u00e3o Africana.&#13;\n            <\/p>\n","protected":false},"excerpt":{"rendered":"O presidente do Conselho Europeu, Ant\u00f3nio Costa, anunciou esta segunda-feira que os 27 foram informados pelos Estados Unidos&hellip;\n","protected":false},"author":2,"featured_media":163455,"comment_status":"","ping_status":"","sticky":false,"template":"","format":"standard","meta":{"footnotes":""},"categories":[8],"tags":[27,28,15,16,14,25,26,21,22,12,13,19,20,32,23,24,33,839,17,18,840,1977,29,30,31],"class_list":{"0":"post-163454","1":"post","2":"type-post","3":"status-publish","4":"format-standard","5":"has-post-thumbnail","7":"category-principais-noticias","8":"tag-breaking-news","9":"tag-breakingnews","10":"tag-featured-news","11":"tag-featurednews","12":"tag-headlines","13":"tag-latest-news","14":"tag-latestnews","15":"tag-main-news","16":"tag-mainnews","17":"tag-news","18":"tag-noticias","19":"tag-noticias-principais","20":"tag-noticiasprincipais","21":"tag-portugal","22":"tag-principais-noticias","23":"tag-principaisnoticias","24":"tag-pt","25":"tag-russia","26":"tag-top-stories","27":"tag-topstories","28":"tag-ucrania","29":"tag-ue","30":"tag-ultimas","31":"tag-ultimas-noticias","32":"tag-ultimasnoticias"},"share_on_mastodon":{"url":"https:\/\/pubeurope.com\/@pt\/115605166425452725","error":""},"_links":{"self":[{"href":"https:\/\/www.europesays.com\/pt\/wp-json\/wp\/v2\/posts\/163454","targetHints":{"allow":["GET"]}}],"collection":[{"href":"https:\/\/www.europesays.com\/pt\/wp-json\/wp\/v2\/posts"}],"about":[{"href":"https:\/\/www.europesays.com\/pt\/wp-json\/wp\/v2\/types\/post"}],"author":[{"embeddable":true,"href":"https:\/\/www.europesays.com\/pt\/wp-json\/wp\/v2\/users\/2"}],"replies":[{"embeddable":true,"href":"https:\/\/www.europesays.com\/pt\/wp-json\/wp\/v2\/comments?post=163454"}],"version-history":[{"count":0,"href":"https:\/\/www.europesays.com\/pt\/wp-json\/wp\/v2\/posts\/163454\/revisions"}],"wp:featuredmedia":[{"embeddable":true,"href":"https:\/\/www.europesays.com\/pt\/wp-json\/wp\/v2\/media\/163455"}],"wp:attachment":[{"href":"https:\/\/www.europesays.com\/pt\/wp-json\/wp\/v2\/media?parent=163454"}],"wp:term":[{"taxonomy":"category","embeddable":true,"href":"https:\/\/www.europesays.com\/pt\/wp-json\/wp\/v2\/categories?post=163454"},{"taxonomy":"post_tag","embeddable":true,"href":"https:\/\/www.europesays.com\/pt\/wp-json\/wp\/v2\/tags?post=163454"}],"curies":[{"name":"wp","href":"https:\/\/api.w.org\/{rel}","templated":true}]}}