{"id":163466,"date":"2025-11-24T14:40:13","date_gmt":"2025-11-24T14:40:13","guid":{"rendered":"https:\/\/www.europesays.com\/pt\/163466\/"},"modified":"2025-11-24T14:40:13","modified_gmt":"2025-11-24T14:40:13","slug":"rnpbrasil-celebra-30-anos-em-vitoria-com-encontro-historico-nada-para-nos-sem-nos","status":"publish","type":"post","link":"https:\/\/www.europesays.com\/pt\/163466\/","title":{"rendered":"RNP+Brasil celebra 30 anos em Vit\u00f3ria com encontro hist\u00f3rico: \u201cNada para n\u00f3s, sem n\u00f3s\u201d"},"content":{"rendered":"\n<p>Vit\u00f3ria (ES) se prepara para receber, entre os dias 26 e 29 de novembro, um dos encontros mais simb\u00f3licos da resposta ao HIV\/aids no pa\u00eds. O X Encontro Nacional da RNP+Brasil reunir\u00e1 90 representantes da Rede Nacional de Pessoas Vivendo com HIV e Aids, que completa tr\u00eas d\u00e9cadas de atua\u00e7\u00e3o, articula\u00e7\u00e3o pol\u00edtica e enfrentamento ao estigma. A capital capixaba, anfitri\u00e3 desta edi\u00e7\u00e3o, ser\u00e1 cen\u00e1rio de debates estrat\u00e9gicos, interc\u00e2mbio de experi\u00eancias e reafirma\u00e7\u00e3o do protagonismo de quem vive com HIV\/aids.<\/p>\n<p>Organizado pela RNP+ES em parceria com a Secretaria de Estado da Sa\u00fade (Sesa), Secretaria de Direitos Humanos (SEDH) e Secretaria das Mulheres (SESM), o encontro \u00e9 mais que uma data comemorativa: \u00e9 um gesto pol\u00edtico de resist\u00eancia. \u00c9 tamb\u00e9m um retorno ao estado onde nas \u00faltimas d\u00e9cadas despontaram bases importantes do controle social em sa\u00fade.<\/p>\n<p><strong>30 anos de protagonismo: uma rede que mudou a hist\u00f3ria<\/strong><\/p>\n<p>Fundada em 1995, a RNP+Brasil nasceu para romper o sil\u00eancio e assegurar que pessoas vivendo com HIV\/aids tivessem voz nas decis\u00f5es que impactam suas vidas \u2014 uma quebra de paradigma que se tornou refer\u00eancia internacional. Hoje, a Rede est\u00e1 em diferentes estados e segue pautando pol\u00edticas, monitorando recursos p\u00fablicos e defendendo direitos.<\/p>\n<p><img loading=\"lazy\" decoding=\"async\" class=\"wp-image-107482 alignright\" src=\"https:\/\/www.europesays.com\/pt\/wp-content\/uploads\/2025\/11\/Captura-de-Tela-2025-11-24-as-10.42.50.png\" alt=\"\" width=\"235\" height=\"239\"  \/>Thiago Rodrigues, Secret\u00e1rio Pol\u00edtico da RNP+ES e um dos articuladores do encontro, resume esse legado numa fala carregada de hist\u00f3ria \u2014 e de mem\u00f3ria:<\/p>\n<p>\u201cAcredito que o legado mais importante da RNP+Brasil nesses 30 anos, seja o fortalecimento dos pares e o incentivo no protagonismo das pessoas vivendo com HIV\/aids, que deve acontecer nas discuss\u00f5es e constru\u00e7\u00f5es das Pol\u00edtica P\u00fablicas, atrav\u00e9s do controle social e do monitoramento de pol\u00edticas existentes e preconizadas. Da\u00ed o lema, nada para n\u00f3s, sem n\u00f3s. N\u00e3o fosse o ato de resili\u00eancia dos fundadores da rede em 1995, com a ideia de garantir voz as pessoas vivendo, nossa conversa talvez nem existira. Por esse motivo respeito meus antecessores e ancestrais nesse movimento que foi e \u00e9 constru\u00eddo por vidas e mortes.\u201d<\/p>\n<p>A fala refor\u00e7a algo que atravessa toda a hist\u00f3ria da RNP: o que sustenta a Rede \u00e9 o la\u00e7o entre pares, a pol\u00edtica feita a partir da vida real.<\/p>\n<p><strong>Vit\u00f3ria como territ\u00f3rio pol\u00edtico<\/strong><\/p>\n<p><img loading=\"lazy\" decoding=\"async\" class=\"aligncenter wp-image-107221\" src=\"https:\/\/www.europesays.com\/pt\/wp-content\/uploads\/2025\/11\/laco-1024x615.png\" alt=\"\" width=\"489\" height=\"293\"  \/><\/p>\n<p>A escolha do Esp\u00edrito Santo como sede do encontro foi resultado de articula\u00e7\u00e3o e, sobretudo, de confian\u00e7a no protagonismo local. Thiago explica:<\/p>\n<p>\u201cEm 2023, no \u00faltimo encontro realizado em Fortaleza- CE, o n\u00facleo da RNP+ES, foi representado por 6 pessoas, em maioria jovens de at\u00e9 29 anos. No decorrer do encontro Nacional e conforme atua\u00e7\u00e3o dos membros do estado do Esp\u00edrito Santo, acreditamos que seriamos capazes de sediar o X Encontro Nacional, sendo aqui comemorado os 30 anos de exist\u00eancia e atua\u00e7\u00e3o da rede, sendo uma vit\u00f3ria, de resist\u00eancia e resili\u00eancia, linguagem utilizada inclusive pela delega\u00e7\u00e3o Capixaba quando prop\u00f4s ser o estado sede em 2025, \u00e9 uma vit\u00f3ria completar 30 anos em Vit\u00f3ria, e dessa forma e em alus\u00e3o a Capital do Esp\u00edrito Santo, Vit\u00f3ria, propomos que X Encontro da RNP+BR acontecesse no estado do Esp\u00edrito Santo.\u201d<\/p>\n<p>A RNP+ES, com mais de duas d\u00e9cadas de atua\u00e7\u00e3o, tornou-se refer\u00eancia no estado e no pa\u00eds. A escolha de Vit\u00f3ria tamb\u00e9m refor\u00e7a o papel das juventudes no ativismo atual \u2014 uma gera\u00e7\u00e3o que assume o bast\u00e3o, sem romper com quem abriu caminho.<\/p>\n<p><strong>Ativismo, pol\u00edtica p\u00fablica e responsabilidade social<\/strong><\/p>\n<p>A constru\u00e7\u00e3o do encontro \u00e9 fruto de parcerias e, como destaca Thiago, de vigil\u00e2ncia cidad\u00e3:<\/p>\n<p>\u201cNos \u00faltimos 02 anos, a RNP+ES, efetuou diversas cobran\u00e7as atrav\u00e9s do controle social, pautando o uso correto e devido do recurso federal em todo o territ\u00f3rio Capixaba, diante disso nossa organiza\u00e7\u00e3o vai al\u00e9m da realizada entre os membros do n\u00facleo estadual, contamos com parcerias, como a Secretaria de Direitos Humanos e das Mulheres. Desse modo, entregamos um evento que ser\u00e1 custeado com o recurso proveniente da Portaria federal de custeio n\u00ba 232, de 07 de fevereiro de 2022, e apoio das Secretarias Estaduais de Direitos Humanos e das Mulheres, do n\u00facleo do Cear\u00e1 e Minist\u00e9rio da Sa\u00fade por meio do Dathi.\u201d<\/p>\n<p><strong>90 vozes, 90 territ\u00f3rios<\/strong><\/p>\n<p><img loading=\"lazy\" decoding=\"async\" class=\"aligncenter size-full wp-image-106157\" src=\"https:\/\/www.europesays.com\/pt\/wp-content\/uploads\/2025\/11\/p1257.jpg\" alt=\"\" width=\"300\" height=\"285\"\/><\/p>\n<p>A presen\u00e7a de delega\u00e7\u00f5es de todas as regi\u00f5es do Brasil transforma o encontro em um mapa vivo da epidemia e das desigualdades do pa\u00eds:<\/p>\n<p>\u201cO impacto em reunir 90 pessoas de diversas regi\u00f5es do Brasil, demonstra forte atua\u00e7\u00e3o que a RNP+Brasil possu\u00ed em territ\u00f3rio nacional, \u00e9 poss\u00edvel a partir desse encontro assim como nos demais que o antecederam pensar as estrat\u00e9gias locais por meio de experi\u00eancia exitosas em outros territ\u00f3rios, a troca em pares fortalece a Rede Nacional e assim fortalece os territ\u00f3rios e seus n\u00facleos. Por meio deste encontro tamb\u00e9m \u00e9 poss\u00edvel mensurar as realidades regionais e suas desigualdades.\u201d<\/p>\n<p>Essa troca entre pares \u00e9 o cora\u00e7\u00e3o da RNP+ \u2014 \u00e9 o que renova as estrat\u00e9gias e d\u00e1 materialidade \u00e0s pol\u00edticas.<\/p>\n<p><strong>Estigma: o obst\u00e1culo que o tempo n\u00e3o derrubou<\/strong><\/p>\n<p>Perguntamos a Thiago sobre as barreiras que ainda dificultam o envelhecimento com HIV\/aids, a viv\u00eancia trans e o acesso \u00e0 sa\u00fade. A resposta \u00e9 direta:<\/p>\n<p>\u201cSinto que essas discuss\u00f5es ainda enfrentam barreiras sociais, isso porque, esses corpos perpassam pelo estigma, preconceito e exclus\u00e3o social, por vezes provocada pela falta acesso aos servi\u00e7os b\u00e1sicos como Sa\u00fade e Assist\u00eancia e pela viola\u00e7\u00e3o constante dos Direitos Humanos. Envelhecer n\u00e3o \u00e9 f\u00e1cil, imagina para uma pessoa Trans vivendo com HIV\/aids\u2026\u201d<\/p>\n<p>E ele conclui com uma s\u00edntese dura e realista: \u201cO maior desafio \u00e9 social. O p\u00f3s diagnostico vem carregado de desinforma\u00e7\u00e3o, medo, estigma e preconceito. \u00c9 n\u00edtido que ao longo dos anos aconteceram evolu\u00e7\u00f5es significativa no tratamento (\u2026) todavia ao longo desses 40 anos, nada mudou sobre o estigma.\u201d<\/p>\n<p>A fala ecoa pesquisas recentes: quase metade das pessoas vivendo com HIV no Brasil j\u00e1 sofreu discrimina\u00e7\u00e3o.<\/p>\n<p><strong>A luta continua<\/strong><\/p>\n<p><img loading=\"lazy\" decoding=\"async\" class=\"aligncenter\" src=\"https:\/\/www.europesays.com\/pt\/wp-content\/uploads\/2025\/11\/pink-ribbon-is-passing-from-hand-to-hand-breast-cancer-awareness-concept-with-human-arms.jpg\" alt=\"21.500+ Aids Ilustra\u00e7\u00e3o de stock, gr\u00e1ficos vetoriais e clipart royalty-free - iStock\" width=\"399\" height=\"266\"\/><\/p>\n<p>Thiago tamb\u00e9m aponta o que falta para transformar a forma como o pa\u00eds v\u00ea o HIV\/aids: \u201cPrecisamos de novas refer\u00eancias, de figuras p\u00fablicas que digam abertamente que vivem com HIV\/aids, que inspirem esses jovens e as pessoas com novos diagn\u00f3sticos que viver com HIV\/aids \u00e9 poss\u00edvel.\u201d<\/p>\n<p>Em um pa\u00eds onde a imagem p\u00fablica do HIV ainda \u00e9 marcada por desinforma\u00e7\u00e3o, representatividade se torna ferramenta de sa\u00fade.<\/p>\n<p>Ele enfatiza a urg\u00eancia de modernizar o cuidado: \u201c(\u2026) ao inv\u00e9s de fazer uso de 360 comprimidos de lamivudina + 180 delutegravir, ou 180 comprimidos do dovato, (\u2026) teria a administra\u00e7\u00e3o do medicamento 2 vezes ao ano (\u2026)\u201d<\/p>\n<p>O tratamento injet\u00e1vel semestral \u00e9 visto como um divisor de \u00e1guas \u2014 e a expectativa \u00e9 que o Brasil avance nessa incorpora\u00e7\u00e3o.<\/p>\n<p><strong>O que fica depois do encontro?<\/strong><\/p>\n<p>Thiago resume sua expectativa de forma afetiva e pol\u00edtica: \u201cEspero que meus pares levem desse encontro, acolhimento, esperan\u00e7a e renova\u00e7\u00e3o para seus territ\u00f3rios. (\u2026) Compreendendo que a luta n\u00e3o acabou.\u201d<\/p>\n<p>E quando pensa no futuro da Rede, ele responde sem titubear: \u201cA cura, a incorpora\u00e7\u00e3o de novas tecnologias para o tratamento ideal, redu\u00e7\u00e3o do estigma (\u2026).\u201d<\/p>\n<p>Thiago fala a partir da viv\u00eancia, e sua identidade \u00e9 parte insepar\u00e1vel da milit\u00e2ncia: \u201cThiago Rodrigues \u2013 Secret\u00e1rio Pol\u00edtico, homem Gay, Negro, Candombl\u00e9cista e Vivendo com HIV\/aids\u2026.\u201d Sua biografia \u00e9 manifesto. Sua voz, parte de uma gera\u00e7\u00e3o que transforma espiritualidade, ra\u00e7a, sexualidade e sa\u00fade em luta por direitos.<\/p>\n<p>Quando as delega\u00e7\u00f5es desembarcarem em Vit\u00f3ria, n\u00e3o estar\u00e3o apenas inaugurando mais um encontro. Estar\u00e3o reafirmando um legado de 30 anos que insiste em dizer: ningu\u00e9m ser\u00e1 deixado para tr\u00e1s; ningu\u00e9m fala por n\u00f3s; nada para n\u00f3s, sem n\u00f3s.<\/p>\n<p><strong>Reda\u00e7\u00e3o da Ag\u00eancia de Not\u00edcias da Aids<\/strong><\/p>\n<p><strong>Dica de entrevista<\/strong><\/p>\n<p>RNP+ Brasil<\/p>\n<p>Site: www.rnpvha.org.br<\/p>\n","protected":false},"excerpt":{"rendered":"Vit\u00f3ria (ES) se prepara para receber, entre os dias 26 e 29 de novembro, um dos encontros mais&hellip;\n","protected":false},"author":2,"featured_media":163467,"comment_status":"","ping_status":"","sticky":false,"template":"","format":"standard","meta":{"footnotes":""},"categories":[86],"tags":[116,32,33,117],"class_list":{"0":"post-163466","1":"post","2":"type-post","3":"status-publish","4":"format-standard","5":"has-post-thumbnail","7":"category-saude","8":"tag-health","9":"tag-portugal","10":"tag-pt","11":"tag-saude"},"share_on_mastodon":{"url":"https:\/\/pubeurope.com\/@pt\/115605198206551315","error":""},"_links":{"self":[{"href":"https:\/\/www.europesays.com\/pt\/wp-json\/wp\/v2\/posts\/163466","targetHints":{"allow":["GET"]}}],"collection":[{"href":"https:\/\/www.europesays.com\/pt\/wp-json\/wp\/v2\/posts"}],"about":[{"href":"https:\/\/www.europesays.com\/pt\/wp-json\/wp\/v2\/types\/post"}],"author":[{"embeddable":true,"href":"https:\/\/www.europesays.com\/pt\/wp-json\/wp\/v2\/users\/2"}],"replies":[{"embeddable":true,"href":"https:\/\/www.europesays.com\/pt\/wp-json\/wp\/v2\/comments?post=163466"}],"version-history":[{"count":0,"href":"https:\/\/www.europesays.com\/pt\/wp-json\/wp\/v2\/posts\/163466\/revisions"}],"wp:featuredmedia":[{"embeddable":true,"href":"https:\/\/www.europesays.com\/pt\/wp-json\/wp\/v2\/media\/163467"}],"wp:attachment":[{"href":"https:\/\/www.europesays.com\/pt\/wp-json\/wp\/v2\/media?parent=163466"}],"wp:term":[{"taxonomy":"category","embeddable":true,"href":"https:\/\/www.europesays.com\/pt\/wp-json\/wp\/v2\/categories?post=163466"},{"taxonomy":"post_tag","embeddable":true,"href":"https:\/\/www.europesays.com\/pt\/wp-json\/wp\/v2\/tags?post=163466"}],"curies":[{"name":"wp","href":"https:\/\/api.w.org\/{rel}","templated":true}]}}