{"id":163492,"date":"2025-11-24T14:58:09","date_gmt":"2025-11-24T14:58:09","guid":{"rendered":"https:\/\/www.europesays.com\/pt\/163492\/"},"modified":"2025-11-24T14:58:09","modified_gmt":"2025-11-24T14:58:09","slug":"desaparecido-durante-6-meses-em-franca-e-encontrado-debaixo-da-cama","status":"publish","type":"post","link":"https:\/\/www.europesays.com\/pt\/163492\/","title":{"rendered":"Desaparecido durante 6 meses em Fran\u00e7a \u00e9 encontrado&#8230; debaixo da cama"},"content":{"rendered":"<p>O alerta surgiu no final de fevereiro, quando Jean-Louis j\u00e1 n\u00e3o dava not\u00edcias h\u00e1 mais de uma semana.<\/p>\n<p>Foram os amigos do homem de 73 anos que, preocupados, decidiram ligar para o seu irm\u00e3o Pierre e alert\u00e1-lo de que j\u00e1 n\u00e3o falavam com Jean-Louis desde o dia 19 desse mesmo m\u00eas, ap\u00f3s ele n\u00e3o ter marcado presen\u00e7a na reuni\u00e3o do clube de radioamadores de Lyon, em Fran\u00e7a.<\/p>\n<p>Pierre mora a mais de duas horas da cidade francesa, mas decidiu fazer a viagem para se certificar que o irm\u00e3o estava bem. Quando chegou ao apartamento de Jean-Louis j\u00e1 l\u00e1 estavam os bombeiros, que, entretanto, tinham tamb\u00e9m sido alertados para a situa\u00e7\u00e3o.<\/p>\n<p>Revistado o apartamento, nem as autoridades nem Pierre encontraram algo suspeito.<\/p>\n<p>&#8220;O apartamento estava um caos: o meu irm\u00e3o tinha o h\u00e1bito de nunca mandar nada fora&#8221;, disse ao <a href=\"https:\/\/www.leprogres.fr\/faits-divers-justice\/2025\/11\/24\/le-corps-de-son-frere-disparu-etait-momifie-sous-un-lit-ils-ne-l-ont-pas-cherche-assez\" target=\"_blank\" rel=\"noopener nofollow\">Le Progr\u00e8s<\/a>. Jean-Louis tinha um transtorno comportamental chamado S\u00edndrome de Di\u00f3genes, que se caracteriza por neglig\u00eancia extrema de cuidados pessoais, isolamento social e pelo acumular de objetos sem valor.<\/p>\n<p>No entanto, no meio do apartamento desarrumado, Pierre encontrou a gata do irm\u00e3o:\u00a0&#8220;A coitada estava faminta. Devia estar escondida&#8221;.<\/p>\n<p>De Jean-Louis n\u00e3o havia sinal. E, numa segunda busca \u00e0 sua resid\u00eancia, os bombeiros continuaram sem encontrar o homem &#8211;\u00a0que nos seis meses seguintes permaneceu como desaparecido.<\/p>\n<p>Jean-Louis foi encontrado em julho debaixo da pr\u00f3pria cama<\/p>\n<p>Pierre partiu e regressou \u00e0 sua casa em Dr\u00f4me sem saber o que teria acontecido ao irm\u00e3o. Foi s\u00f3 em julho que regressou a Lyon e ao apartamento de Jean-Louis, ap\u00f3s receber queixas dos vizinhos: um odor nauseabundo estava a sair da casa do homem.<\/p>\n<p>Ao chegar, Pierre seguiu o cheiro at\u00e9 ao quarto.\u00a0&#8220;Puxei a cama, que estava perto de uma estante ca\u00edda. Foi a\u00ed que vi duas pernas no ch\u00e3o&#8221;, contou, asseverando que, nesse momento, teve a certeza de que o corpo no ch\u00e3o pertencia ao seu irm\u00e3o.<\/p>\n<p>Pierre voltou a ligar para os bombeiros, que, num primeiro momento, n\u00e3o acreditaram no alerta.<\/p>\n<p>&#8220;Disseram-me friamente que era imposs\u00edvel por n\u00e3o tinham visto nada. Fiquei furioso&#8221;, confessou. &#8220;Voltaram l\u00e1, limparam tudo e disseram-me que o meu irm\u00e3o tinha morrido. Isso j\u00e1 eu sabia!&#8221;, contou ainda indignado com a situa\u00e7\u00e3o.<\/p>\n<p>Autoridades dizem que buscas foram &#8220;dif\u00edceis&#8221; devido ao estado do apartamento<\/p>\n<p>Pierre questiona-se ainda hoje se o irm\u00e3o ainda estaria vivo quando as autoridades entraram pela primeira vez no seu apartamento e se, caso as buscas tivessem sido mais minuciosas, se Jean-Louis poderia ter recuperado e ficado bem.<\/p>\n<p>&#8220;Queria que tivessem sido mais diligentes. Que houvesse mais seriedade nas buscas, menos frivolidade&#8221;, admitiu Pierre.<\/p>\n<p>O funeral de Jean-Louis s\u00f3 viria a ocorrer outros dois meses depois de o seu corpo ser encontrado, a 2 de setembro. At\u00e9 hoje, Pierre ainda espera o resultado da aut\u00f3psia do seu irm\u00e3o que, j\u00e1 idoso, tinha\u00a0&#8220;sofrido duas embolias pulmonares&#8221; antes de morrer.<\/p>\n<p>O caso foi denunciado \u00e0 procuradoria de Lyon pela Associa\u00e7\u00e3o para Assist\u00eancia e Procura de Pessoas Desaparecidas (ARPD). As autoridades, em defesa, alegam que o S\u00edndrome de Di\u00f3genes leva a que\u00a0&#8220;buscas exaustivas&#8221; por pessoas que sofram este transtorno sejam particularmente complicadas.<\/p>\n<p>&#8220;As investiga\u00e7\u00f5es policiais em apartamentos onde essas pessoas residem s\u00e3o muito dif\u00edceis&#8221;, devido ao estado de desarruma\u00e7\u00e3o em que, muitas vezes, se encontram &#8211; e como, ali\u00e1s, era o caso nesta situa\u00e7\u00e3o.<\/p>\n<p>Leia Tamb\u00e9m: <a href=\"https:\/\/www.noticiasaominuto.com\/mundo\/2893429\/no-mesmo-local-a-horas-diferentes-dois-jovens-e-pai-de-um-atropelados\" target=\"_blank\" rel=\"noopener noreferrer nofollow\">No mesmo local a horas diferentes. Dois jovens e pai de um atropelados<\/a><\/p>\n","protected":false},"excerpt":{"rendered":"O alerta surgiu no final de fevereiro, quando Jean-Louis j\u00e1 n\u00e3o dava not\u00edcias h\u00e1 mais de uma semana.&hellip;\n","protected":false},"author":2,"featured_media":163493,"comment_status":"","ping_status":"","sticky":false,"template":"","format":"standard","meta":{"footnotes":""},"categories":[50],"tags":[27,28,15,16,14,25,26,21,22,62,12,13,19,20,23,24,17,18,29,30,31,63,64,65],"class_list":{"0":"post-163492","1":"post","2":"type-post","3":"status-publish","4":"format-standard","5":"has-post-thumbnail","7":"category-mundo","8":"tag-breaking-news","9":"tag-breakingnews","10":"tag-featured-news","11":"tag-featurednews","12":"tag-headlines","13":"tag-latest-news","14":"tag-latestnews","15":"tag-main-news","16":"tag-mainnews","17":"tag-mundo","18":"tag-news","19":"tag-noticias","20":"tag-noticias-principais","21":"tag-noticiasprincipais","22":"tag-principais-noticias","23":"tag-principaisnoticias","24":"tag-top-stories","25":"tag-topstories","26":"tag-ultimas","27":"tag-ultimas-noticias","28":"tag-ultimasnoticias","29":"tag-world","30":"tag-world-news","31":"tag-worldnews"},"share_on_mastodon":{"url":"https:\/\/pubeurope.com\/@pt\/115605268363903009","error":""},"_links":{"self":[{"href":"https:\/\/www.europesays.com\/pt\/wp-json\/wp\/v2\/posts\/163492","targetHints":{"allow":["GET"]}}],"collection":[{"href":"https:\/\/www.europesays.com\/pt\/wp-json\/wp\/v2\/posts"}],"about":[{"href":"https:\/\/www.europesays.com\/pt\/wp-json\/wp\/v2\/types\/post"}],"author":[{"embeddable":true,"href":"https:\/\/www.europesays.com\/pt\/wp-json\/wp\/v2\/users\/2"}],"replies":[{"embeddable":true,"href":"https:\/\/www.europesays.com\/pt\/wp-json\/wp\/v2\/comments?post=163492"}],"version-history":[{"count":0,"href":"https:\/\/www.europesays.com\/pt\/wp-json\/wp\/v2\/posts\/163492\/revisions"}],"wp:featuredmedia":[{"embeddable":true,"href":"https:\/\/www.europesays.com\/pt\/wp-json\/wp\/v2\/media\/163493"}],"wp:attachment":[{"href":"https:\/\/www.europesays.com\/pt\/wp-json\/wp\/v2\/media?parent=163492"}],"wp:term":[{"taxonomy":"category","embeddable":true,"href":"https:\/\/www.europesays.com\/pt\/wp-json\/wp\/v2\/categories?post=163492"},{"taxonomy":"post_tag","embeddable":true,"href":"https:\/\/www.europesays.com\/pt\/wp-json\/wp\/v2\/tags?post=163492"}],"curies":[{"name":"wp","href":"https:\/\/api.w.org\/{rel}","templated":true}]}}