{"id":163494,"date":"2025-11-24T14:59:15","date_gmt":"2025-11-24T14:59:15","guid":{"rendered":"https:\/\/www.europesays.com\/pt\/163494\/"},"modified":"2025-11-24T14:59:15","modified_gmt":"2025-11-24T14:59:15","slug":"marginal-da-corimba-vai-%e2%80%b3roubar%e2%80%b3-120-metros-ao-mar-e-obrigar-ao-realojamento-de-2-000-familias","status":"publish","type":"post","link":"https:\/\/www.europesays.com\/pt\/163494\/","title":{"rendered":"Marginal da Corimba vai \u2033roubar\u2033 120 metros ao mar e obrigar ao realojamento de 2.000 fam\u00edlias"},"content":{"rendered":"<p>Novo Jornal\/Lusa<\/p>\n<p>24 de Novembro\u00a02025 \u00e0s 09:34<\/p>\n<p>O projecto, com 7,3 quil\u00f3metros de extens\u00e3o, ligando o Memorial Ant\u00f3nio Agostinho Neto ao viaduto da Corimba, inclui tr\u00eas viadutos e 26 quil\u00f3metros de vias urbanas destinadas a refor\u00e7ar a liga\u00e7\u00e3o entre os principais eixos que unem o sul de Luanda ao centro da cidade. A obra, a cargo da Mota-Engil, prev\u00ea a constru\u00e7\u00e3o de esta\u00e7\u00f5es de tratamento de \u00e1guas residuais para tratar os efluentes, que s\u00e3o hoje lan\u00e7ados directamente no mar.<\/p>\n<p>As informa\u00e7\u00f5es foram avan\u00e7adas este domingo pelo diretor nacional de Infraestruturas Urbanas, Sim\u00e3o Tom\u00e9, que, citado pela Lusa afirmou que ser\u00e3o erguidas 2.000 habita\u00e7\u00f5es, de v\u00e1rias tipologias, para realojar as fam\u00edlias que ter\u00e3o de ser retiradas daquela faixa. Tamb\u00e9m os pescadores que exercem a sua atividade na zona ser\u00e3o realojados, informou.<\/p>\n<p>Sim\u00e3o Tom\u00e9 diz que esta obra visa melhorar a mobilidade, resolver problemas de drenagem pluvial e de \u00e1guas residuais e impulsionar o desenvolvimento urbano, integrando vias, viadutos, habita\u00e7\u00e3o e sistemas de saneamento.<\/p>\n<p>A obra est\u00e1 a cargo da Mota-Engil e este foi um dos projectos que beneficiou da linha de cr\u00e9dito que Portugal disponibiliza a Angola, para obras em que sejam contratadas a empresas portuguesas, e que foi refor\u00e7ada com 500 milh\u00f5es de euros em Julho de 2024, recebendo novo refor\u00e7o de 750 milh\u00f5es de euros este ano, num total de 3.250 milh\u00f5es de euros.<\/p>\n<p>As dragagens previstas permitir\u00e3o conquistar 120 metros ao mar, criando uma plataforma mar\u00edtima onde ser\u00e3o instaladas tr\u00eas faixas de rodagem, incluindo uma exclusiva para autocarros.<\/p>\n<p>A obra vai decorrer em tr\u00eas fases, sendo que a primeira, correspondente \u00e0 constru\u00e7\u00e3o da marginal propriamente dita, ter\u00e1 a dura\u00e7\u00e3o de 36 meses e inclui 400 habita\u00e7\u00f5es sociais, num contrato de 245 milh\u00f5es de euros, a segunda fase contempla mais habita\u00e7\u00f5es e trabalhos ambientais; e a terceira prev\u00ea a constru\u00e7\u00e3o do corredor do rio Cambambe.<\/p>\n","protected":false},"excerpt":{"rendered":"Novo Jornal\/Lusa 24 de Novembro\u00a02025 \u00e0s 09:34 O projecto, com 7,3 quil\u00f3metros de extens\u00e3o, ligando o Memorial Ant\u00f3nio&hellip;\n","protected":false},"author":2,"featured_media":163495,"comment_status":"","ping_status":"","sticky":false,"template":"","format":"standard","meta":{"footnotes":""},"categories":[10],"tags":[2992,2713,836,1063,1753,3003,2995,27,28,470,1195,315,135,3005,476,2993,2258,1169,15,16,2085,524,3002,3000,643,14,2998,2086,1856,82,2513,1428,25,26,2996,2994,2997,21,22,606,3001,62,150,619,12,718,2990,13,19,20,2991,2989,835,602,52,32,23,24,2999,33,548,679,58,2387,218,605,17,18,151,29,30,31,578,3004],"class_list":{"0":"post-163494","1":"post","2":"type-post","3":"status-publish","4":"format-standard","5":"has-post-thumbnail","7":"category-portugal","8":"tag-actualidade","9":"tag-africa","10":"tag-analise","11":"tag-angola","12":"tag-artes","13":"tag-assinatura","14":"tag-benguela","15":"tag-breaking-news","16":"tag-breakingnews","17":"tag-cinema","18":"tag-concerto","19":"tag-cultura","20":"tag-desporto","21":"tag-download","22":"tag-economia","23":"tag-editorial","24":"tag-eleicoes","25":"tag-facebook","26":"tag-featured-news","27":"tag-featurednews","28":"tag-fotografia","29":"tag-futebol","30":"tag-galeria","31":"tag-girabola","32":"tag-google","33":"tag-headlines","34":"tag-huambo","35":"tag-imagem","36":"tag-informacao","37":"tag-internacional","38":"tag-jornal","39":"tag-jornalismo","40":"tag-latest-news","41":"tag-latestnews","42":"tag-lobito","43":"tag-luanda","44":"tag-lubango","45":"tag-main-news","46":"tag-mainnews","47":"tag-meteorologia","48":"tag-multimedia","49":"tag-mundo","50":"tag-musica","51":"tag-nacional","52":"tag-news","53":"tag-newsletter","54":"tag-nj","55":"tag-noticias","56":"tag-noticias-principais","57":"tag-noticiasprincipais","58":"tag-nova-vaga","59":"tag-novo-jornal","60":"tag-opiniao","61":"tag-pais","62":"tag-politica","63":"tag-portugal","64":"tag-principais-noticias","65":"tag-principaisnoticias","66":"tag-provincias","67":"tag-pt","68":"tag-redes-sociais","69":"tag-reportagem","70":"tag-sociedade","71":"tag-teatro","72":"tag-televisao","73":"tag-tempo","74":"tag-top-stories","75":"tag-topstories","76":"tag-tv","77":"tag-ultimas","78":"tag-ultimas-noticias","79":"tag-ultimasnoticias","80":"tag-video","81":"tag-youtube"},"share_on_mastodon":{"url":"","error":"Validation failed: Text character limit of 500 exceeded"},"_links":{"self":[{"href":"https:\/\/www.europesays.com\/pt\/wp-json\/wp\/v2\/posts\/163494","targetHints":{"allow":["GET"]}}],"collection":[{"href":"https:\/\/www.europesays.com\/pt\/wp-json\/wp\/v2\/posts"}],"about":[{"href":"https:\/\/www.europesays.com\/pt\/wp-json\/wp\/v2\/types\/post"}],"author":[{"embeddable":true,"href":"https:\/\/www.europesays.com\/pt\/wp-json\/wp\/v2\/users\/2"}],"replies":[{"embeddable":true,"href":"https:\/\/www.europesays.com\/pt\/wp-json\/wp\/v2\/comments?post=163494"}],"version-history":[{"count":0,"href":"https:\/\/www.europesays.com\/pt\/wp-json\/wp\/v2\/posts\/163494\/revisions"}],"wp:featuredmedia":[{"embeddable":true,"href":"https:\/\/www.europesays.com\/pt\/wp-json\/wp\/v2\/media\/163495"}],"wp:attachment":[{"href":"https:\/\/www.europesays.com\/pt\/wp-json\/wp\/v2\/media?parent=163494"}],"wp:term":[{"taxonomy":"category","embeddable":true,"href":"https:\/\/www.europesays.com\/pt\/wp-json\/wp\/v2\/categories?post=163494"},{"taxonomy":"post_tag","embeddable":true,"href":"https:\/\/www.europesays.com\/pt\/wp-json\/wp\/v2\/tags?post=163494"}],"curies":[{"name":"wp","href":"https:\/\/api.w.org\/{rel}","templated":true}]}}