{"id":163512,"date":"2025-11-24T15:12:48","date_gmt":"2025-11-24T15:12:48","guid":{"rendered":"https:\/\/www.europesays.com\/pt\/163512\/"},"modified":"2025-11-24T15:12:48","modified_gmt":"2025-11-24T15:12:48","slug":"discretamente-o-doge-de-trump-e-elon-musk-desapareceu-nao-existe-diz-a-casa-branca","status":"publish","type":"post","link":"https:\/\/www.europesays.com\/pt\/163512\/","title":{"rendered":"Discretamente, o DOGE de Trump e Elon Musk desapareceu: \u201cN\u00e3o existe\u201d, diz a Casa Branca"},"content":{"rendered":"<p>\u201cIsso n\u00e3o existe\u201d. A frase, proferida por um alto respons\u00e1vel da Casa Branca, parece confirmar os rumores de que a estrutura do DOGE, Departamento de Efici\u00eancia Governamental, foi discretamente dissolvida, oito meses antes do prazo previsto, <a href=\"\" target=\"_blank\" rel=\"noopener noreferrer\">avan\u00e7a a ag\u00eancia Reuters<\/a>.<\/p>\n<p>Anunciado com pompa e circunst\u00e2ncia pelo Presidente dos Estados Unidos, Donald Trump, no in\u00edcio do seu segundo mandato, e criado com uma autoriza\u00e7\u00e3o especial que delegava compet\u00eancias no magnata Elon Musk para reduzir custos e melhorar a efici\u00eancia das estruturas governamentais, foi alvo de cr\u00edticas e de a\u00e7\u00f5es judiciais desde a sua cria\u00e7\u00e3o.\u00a0<\/p>\n<p>Agora, a administra\u00e7\u00e3o norte-americana reconhece, com uma simples afirma\u00e7\u00e3o de Scott Kupor, respons\u00e1vel pela gest\u00e3o de pessoal da Casa Branca, que o organismo foi dissolvido: \u201cJ\u00e1 n\u00e3o \u00e9 uma entidade centralizada\u201d, acrescentou, explicando que as fun\u00e7\u00f5es dessa estrutura foram absorvidas por outras entidades oficiais, bem como os seus dirigentes e funcion\u00e1rios.<\/p>\n<p>Oficialmente, Donald Trump n\u00e3o reconheceu o fim do organismo, mas h\u00e1 muito que passou a referir-se ao DOGE no passado, acrescenta a Reuters.<\/p>\n","protected":false},"excerpt":{"rendered":"\u201cIsso n\u00e3o existe\u201d. A frase, proferida por um alto respons\u00e1vel da Casa Branca, parece confirmar os rumores de&hellip;\n","protected":false},"author":2,"featured_media":163513,"comment_status":"","ping_status":"","sticky":false,"template":"","format":"standard","meta":{"footnotes":""},"categories":[83],"tags":[88,89,90,32,33],"class_list":{"0":"post-163512","1":"post","2":"type-post","3":"status-publish","4":"format-standard","5":"has-post-thumbnail","7":"category-empresas","8":"tag-business","9":"tag-economy","10":"tag-empresas","11":"tag-portugal","12":"tag-pt"},"share_on_mastodon":{"url":"https:\/\/pubeurope.com\/@pt\/115605327293128752","error":""},"_links":{"self":[{"href":"https:\/\/www.europesays.com\/pt\/wp-json\/wp\/v2\/posts\/163512","targetHints":{"allow":["GET"]}}],"collection":[{"href":"https:\/\/www.europesays.com\/pt\/wp-json\/wp\/v2\/posts"}],"about":[{"href":"https:\/\/www.europesays.com\/pt\/wp-json\/wp\/v2\/types\/post"}],"author":[{"embeddable":true,"href":"https:\/\/www.europesays.com\/pt\/wp-json\/wp\/v2\/users\/2"}],"replies":[{"embeddable":true,"href":"https:\/\/www.europesays.com\/pt\/wp-json\/wp\/v2\/comments?post=163512"}],"version-history":[{"count":0,"href":"https:\/\/www.europesays.com\/pt\/wp-json\/wp\/v2\/posts\/163512\/revisions"}],"wp:featuredmedia":[{"embeddable":true,"href":"https:\/\/www.europesays.com\/pt\/wp-json\/wp\/v2\/media\/163513"}],"wp:attachment":[{"href":"https:\/\/www.europesays.com\/pt\/wp-json\/wp\/v2\/media?parent=163512"}],"wp:term":[{"taxonomy":"category","embeddable":true,"href":"https:\/\/www.europesays.com\/pt\/wp-json\/wp\/v2\/categories?post=163512"},{"taxonomy":"post_tag","embeddable":true,"href":"https:\/\/www.europesays.com\/pt\/wp-json\/wp\/v2\/tags?post=163512"}],"curies":[{"name":"wp","href":"https:\/\/api.w.org\/{rel}","templated":true}]}}