{"id":163514,"date":"2025-11-24T15:14:12","date_gmt":"2025-11-24T15:14:12","guid":{"rendered":"https:\/\/www.europesays.com\/pt\/163514\/"},"modified":"2025-11-24T15:14:12","modified_gmt":"2025-11-24T15:14:12","slug":"supremo-tribunal-do-brasil-decide-manter-bolsonaro-em-prisao-preventiva","status":"publish","type":"post","link":"https:\/\/www.europesays.com\/pt\/163514\/","title":{"rendered":"Supremo Tribunal do Brasil decide manter Bolsonaro em pris\u00e3o preventiva"},"content":{"rendered":"<p>&#13;<br \/>\nA maioria dos ju\u00edzes votou, esta segunda-feira, a favor da continua\u00e7\u00e3o do antigo presidente em pris\u00e3o preventiva.\u00a0<b>Os ju\u00edzes Flavio Dino e Cristiano Zanin votaram ao lado do presidente do Supremo Tribunal, Alexandre Moraes, &#13;<br \/>\nformando a maioria no painel de quatro ju\u00edzes que apoiou a decis\u00e3o que &#13;<br \/>\np\u00f4s fim a mais de 100 dias de pris\u00e3o domicili\u00e1ria. <\/b><br \/>&#13;\n<\/p>\n<p>&#13;<br \/>\nAlexandre de Moraes ordenou a pris\u00e3o preventiva de Bolsonaro no s\u00e1bado, ap\u00f3s mais de 100 dias de pris\u00e3o domicili\u00e1ria, alegando o risco de fuga.&#13;\n<\/p>\n<p><b>O Supremo Tribunal esteve a analisar os pedidos apresentados para que Bolsonaro voltasse ao regime de pris\u00e3o domicili\u00e1ria, mas indeferiu esses pedidos.<\/b>O ex-presidente brasileiro foi colocado em pris\u00e3o preventiva no s\u00e1bado depois de ter admitido que usou um ferro de soldar para fazer \u201cuma experi\u00eancia\u201d com a pulseira eletr\u00f3nica.<\/p>\n<p>&#8220;Eu meti o ferro quente a\u00ed. Curiosidade&#8221;, disse Bolsonaro, de acordo com um v\u00eddeo gravado por uma agente e divulgado pelo Supremo Tribunal Federal (STF).<\/p>\n<p>No v\u00eddeo em causa \u00e9 poss\u00edvel verificar a danifica\u00e7\u00e3o da pulseira eletr\u00f3nica causada por queimaduras.<\/p>\n<p><b>Bolsonaro, condenado a mais 27 anos de pris\u00e3o por tentativa de golpe de Estado, encontrava-se em pris\u00e3o domicili\u00e1ria na sua casa em Bras\u00edlia quando foi detido por agentes da Pol\u00edcia Federal devido ao &#8220;risco de fuga&#8221; e a uma &#8220;amea\u00e7a \u00e0 ordem p\u00fablica&#8221;.<\/b>&#13;\n<\/p>\n<p>&#13;<br \/>\n&#8220;A viola\u00e7\u00e3o admitida da monitoriza\u00e7\u00e3o eletr\u00f3nica n\u00e3o s\u00f3 aumenta o risco de fuga, como tamb\u00e9m indicia uma flagrante viola\u00e7\u00e3o das medidas cautelares impostas pelo poder judicial&#8221;, argumentou Fl\u00e1vio Dino.&#13;\n<\/p>\n<p><b>Bolsonaro negou qualquer inten\u00e7\u00e3o de fugir ou de tentar retirar a pulseira eletr\u00f3nica e alegou que a tentativa de danificar a pulseira eletr\u00f3nica foi resultado de um surto causado por medicamentos psiqui\u00e1tricos.<\/b><\/p>\n<p>Moraes, por sua vez, afirmou que Bolsonaro violou &#8220;dolosa e conscientemente&#8221; a pulseira eletr\u00f3nica e explica que a decis\u00e3o faz parte de uma s\u00e9rie de comportamentos do ex-presidente para infringir decis\u00f5es judiciais.&#13;\n<\/p>\n<p>De acordo com o juiz, Bolsonaro, durante a audi\u00eancia de cust\u00f3dia realizada no domingo, assumiu que &#8220;inutilizou a tornozeleira [pulseira] eletr\u00f3nica com cometimento de falta grave, ostensivo descumprimento da medida cautelar e patente desrespeito \u00e0 Justi\u00e7a&#8221;. <\/p>\n<p>O antigo presidente foi condenado, em setembro, a 27 anos e tr\u00eas meses de pris\u00e3o por participa\u00e7\u00e3o numa &#8220;organiza\u00e7\u00e3o criminosa&#8221; que tentou um golpe de Estado na sequ\u00eancia das elei\u00e7\u00f5es presidenciais de 2022, que perdeu para Lula da Silva. Bolsonaro est\u00e1 agora a aguardar o recurso da senten\u00e7a.<\/p>\n","protected":false},"excerpt":{"rendered":"&#13; A maioria dos ju\u00edzes votou, esta segunda-feira, a favor da continua\u00e7\u00e3o do antigo presidente em pris\u00e3o preventiva.\u00a0Os&hellip;\n","protected":false},"author":2,"featured_media":163515,"comment_status":"","ping_status":"","sticky":false,"template":"","format":"standard","meta":{"footnotes":""},"categories":[50],"tags":[1543,726,27,28,15,16,14,25,26,21,22,62,12,13,19,20,23,24,694,12233,17,18,29,30,31,63,64,65],"class_list":{"0":"post-163514","1":"post","2":"type-post","3":"status-publish","4":"format-standard","5":"has-post-thumbnail","7":"category-mundo","8":"tag-bolsonaro","9":"tag-brasil","10":"tag-breaking-news","11":"tag-breakingnews","12":"tag-featured-news","13":"tag-featurednews","14":"tag-headlines","15":"tag-latest-news","16":"tag-latestnews","17":"tag-main-news","18":"tag-mainnews","19":"tag-mundo","20":"tag-news","21":"tag-noticias","22":"tag-noticias-principais","23":"tag-noticiasprincipais","24":"tag-principais-noticias","25":"tag-principaisnoticias","26":"tag-prisao","27":"tag-supremo-tribunal","28":"tag-top-stories","29":"tag-topstories","30":"tag-ultimas","31":"tag-ultimas-noticias","32":"tag-ultimasnoticias","33":"tag-world","34":"tag-world-news","35":"tag-worldnews"},"share_on_mastodon":{"url":"https:\/\/pubeurope.com\/@pt\/115605331284813401","error":""},"_links":{"self":[{"href":"https:\/\/www.europesays.com\/pt\/wp-json\/wp\/v2\/posts\/163514","targetHints":{"allow":["GET"]}}],"collection":[{"href":"https:\/\/www.europesays.com\/pt\/wp-json\/wp\/v2\/posts"}],"about":[{"href":"https:\/\/www.europesays.com\/pt\/wp-json\/wp\/v2\/types\/post"}],"author":[{"embeddable":true,"href":"https:\/\/www.europesays.com\/pt\/wp-json\/wp\/v2\/users\/2"}],"replies":[{"embeddable":true,"href":"https:\/\/www.europesays.com\/pt\/wp-json\/wp\/v2\/comments?post=163514"}],"version-history":[{"count":0,"href":"https:\/\/www.europesays.com\/pt\/wp-json\/wp\/v2\/posts\/163514\/revisions"}],"wp:featuredmedia":[{"embeddable":true,"href":"https:\/\/www.europesays.com\/pt\/wp-json\/wp\/v2\/media\/163515"}],"wp:attachment":[{"href":"https:\/\/www.europesays.com\/pt\/wp-json\/wp\/v2\/media?parent=163514"}],"wp:term":[{"taxonomy":"category","embeddable":true,"href":"https:\/\/www.europesays.com\/pt\/wp-json\/wp\/v2\/categories?post=163514"},{"taxonomy":"post_tag","embeddable":true,"href":"https:\/\/www.europesays.com\/pt\/wp-json\/wp\/v2\/tags?post=163514"}],"curies":[{"name":"wp","href":"https:\/\/api.w.org\/{rel}","templated":true}]}}