{"id":163528,"date":"2025-11-24T15:24:09","date_gmt":"2025-11-24T15:24:09","guid":{"rendered":"https:\/\/www.europesays.com\/pt\/163528\/"},"modified":"2025-11-24T15:24:09","modified_gmt":"2025-11-24T15:24:09","slug":"inverno-vai-ser-muito-duro-por-causa-de-nova-estirpe-da-gripe-alerta-ministra","status":"publish","type":"post","link":"https:\/\/www.europesays.com\/pt\/163528\/","title":{"rendered":"&#8220;Inverno vai ser muito duro&#8221; por causa de nova estirpe da gripe, alerta ministra"},"content":{"rendered":"<p>\t                Ana Paula Martins reiterou que Portugal tem atualmente taxas de cobertura vacinal &#8220;muito, muito elevadas&#8221; e que os servi\u00e7os de sa\u00fade v\u00e3o continuar &#8220;a insistir, a insistir, a insistir&#8221; para necessidade da popula\u00e7\u00e3o mais idosa e de risco tomar as vacinas porque &#8220;este ano a gripe vai ser um grande desafio&#8221;<\/p>\n<p>A ministra da Sa\u00fade admitiu esta segunda-feira que o Servi\u00e7o Nacional de Sa\u00fade (SNS) vai ser sujeito a \u201cuma press\u00e3o muito grande\u201d por causa de uma nova estirpe da gripe e alertou que o inverno \u201cvai ser muito duro\u201d.<\/p>\n<p>\u201cEstamos com taxas de cobertura vacinal muito, muito, elevadas e vamos continuar a insistir, a insistir, a insistir, porque, como j\u00e1 todas as entidades competentes da Europa disseram, este \u00e9 um ano onde, sobretudo, a gripe vai ser um grande desafio\u201d, disse Ana Paula Martins, na Guarda.<\/p>\n<p>A governante prosseguiu esta segunda-feira o p\u00e9riplo pelas Unidades Locais de Sa\u00fade (ULS) do pa\u00eds, no \u00e2mbito da prepara\u00e7\u00e3o do SNS para o per\u00edodo de inverno, tendo visitado a ULS da Guarda esta segunda de manh\u00e3 e seguido para a ULS da Cova da Beira e Castelo Branco \u00e0 tarde.<\/p>\n<p>A ministra da Sa\u00fade disse que os hospitais est\u00e3o preparados com planos de inverno e planos de conting\u00eancia, de v\u00e1rios n\u00edveis, mas admitiu que \u201ca press\u00e3o vai ser muito grande\u201d.<\/p>\n<p>\u201cO inverno vai ser muito duro. E n\u00f3s, al\u00e9m desses planos, temos tamb\u00e9m a emerg\u00eancia m\u00e9dica com planos refor\u00e7ados para poder apoiar os hospitais porque a emerg\u00eancia m\u00e9dica pr\u00e9-hospitalar tem uma import\u00e2ncia determinante tamb\u00e9m nessas alturas de maior press\u00e3o\u201d.<\/p>\n<p>Ana Paula Martins acrescentou que foram aumentados durante este per\u00edodo \u201cos dispositivos sazonais habituais com mais meios para poderem ser acionados\u201d.<\/p>\n<p>Al\u00e9m disso, o Instituto Nacional de Emerg\u00eancia M\u00e9dica (INEM) tamb\u00e9m est\u00e1 \u201ca tentar refor\u00e7ar os meios, como acontece nestas fases, sobretudo em zonas como o interior\u201d.<\/p>\n<p>Quanto \u00e0 campanha de vacina\u00e7\u00e3o, a ministra considerou que o SNS tem \u201cuma vacina\u00e7\u00e3o em massa\u201d e que a procura pelas vacinas contra a gripe tem sido \u201cmuito grande, sobretudo nos centros de sa\u00fade, nos lares e na rede nacional de cuidados continuados\u201d.<\/p>\n<p>\u201cAtrav\u00e9s da Dire\u00e7\u00e3o-Geral da Sa\u00fade [DGS], j\u00e1 fizemos v\u00e1rios apelos para que se continuem a vacinar aquelas pessoas que t\u00eam indica\u00e7\u00e3o para tal. \u00c9 a maneira que temos de conseguir minimizar as idas \u00e0s urg\u00eancias daqueles que t\u00eam maior risco e tamb\u00e9m a mortalidade\u201d, indicou.<\/p>\n<p>Ana Paula Martins reiterou que Portugal tem atualmente taxas de cobertura vacinal \u201cmuito, muito elevadas\u201d e que os servi\u00e7os de sa\u00fade v\u00e3o continuar \u201ca insistir, a insistir, a insistir\u201d para necessidade da popula\u00e7\u00e3o mais idosa e de risco tomar as vacinas porque \u201ceste ano a gripe vai ser um grande desafio\u201d.<\/p>\n<p>O Minist\u00e9rio da Sa\u00fade est\u00e1 a contactar com as ULS para preparar o SNS para o per\u00edodo de inverno e conhecer \u201cdetalhadamente a resposta das unidades de sa\u00fade aos desafios acrescidos que se verificam nesta \u00e9poca do ano, nomeadamente no que respeita \u00e0 resposta \u00e0s doen\u00e7as sazonais, \u00e0 gest\u00e3o das urg\u00eancias e \u00e0 coordena\u00e7\u00e3o entre os diferentes n\u00edveis de cuidados\u201d.<\/p>\n<p>Al\u00e9m de visitas aos servi\u00e7os de urg\u00eancia, a ministra da Sa\u00fade re\u00fane com os conselhos de administra\u00e7\u00e3o e com profissionais de sa\u00fade. Durante as visitas, ser\u00e3o ainda discutidas \u201cmedidas concretas de refor\u00e7o dos recursos humanos e materiais, bem como estrat\u00e9gias de articula\u00e7\u00e3o entre os cuidados prim\u00e1rios, hospitalares e continuados, para garantir uma resposta integrada e eficiente \u00e0s necessidades de popula\u00e7\u00e3o\u201d.<\/p>\n<p>Nestas visitas, o diretor-executivo do SNS, \u00c1lvaro Almeida, acompanha a Ana Paula Martins, \u00e0 exce\u00e7\u00e3o da ULS da Guarda. Ma ter\u00e7a-feira, a titular da pasta da Sa\u00fade estar\u00e1 na ULS do Alto Alentejo.<\/p>\n","protected":false},"excerpt":{"rendered":"Ana Paula Martins reiterou que Portugal tem atualmente taxas de cobertura vacinal &#8220;muito, muito elevadas&#8221; e que os&hellip;\n","protected":false},"author":2,"featured_media":163529,"comment_status":"","ping_status":"","sticky":false,"template":"","format":"standard","meta":{"footnotes":""},"categories":[86],"tags":[609,836,611,27,607,608,333,832,604,135,610,476,301,1418,830,116,7189,603,570,831,833,20290,62,834,13,835,602,52,32,33,117,850,2649,29,34631],"class_list":{"0":"post-163528","1":"post","2":"type-post","3":"status-publish","4":"format-standard","5":"has-post-thumbnail","7":"category-saude","8":"tag-alerta","9":"tag-analise","10":"tag-ao-minuto","11":"tag-breaking-news","12":"tag-cnn","13":"tag-cnn-portugal","14":"tag-comentadores","15":"tag-costa","16":"tag-crime","17":"tag-desporto","18":"tag-direto","19":"tag-economia","20":"tag-governo","21":"tag-gripe","22":"tag-guerra","23":"tag-health","24":"tag-inverno","25":"tag-justica","26":"tag-live","27":"tag-mais-vistas","28":"tag-marcelo","29":"tag-ministra-da-saude","30":"tag-mundo","31":"tag-negocios","32":"tag-noticias","33":"tag-opiniao","34":"tag-pais","35":"tag-politica","36":"tag-portugal","37":"tag-pt","38":"tag-saude","39":"tag-servico-nacional-de-saude","40":"tag-sns","41":"tag-ultimas","42":"tag-vacina-da-gripe"},"share_on_mastodon":{"url":"https:\/\/pubeurope.com\/@pt\/115605370654976541","error":""},"_links":{"self":[{"href":"https:\/\/www.europesays.com\/pt\/wp-json\/wp\/v2\/posts\/163528","targetHints":{"allow":["GET"]}}],"collection":[{"href":"https:\/\/www.europesays.com\/pt\/wp-json\/wp\/v2\/posts"}],"about":[{"href":"https:\/\/www.europesays.com\/pt\/wp-json\/wp\/v2\/types\/post"}],"author":[{"embeddable":true,"href":"https:\/\/www.europesays.com\/pt\/wp-json\/wp\/v2\/users\/2"}],"replies":[{"embeddable":true,"href":"https:\/\/www.europesays.com\/pt\/wp-json\/wp\/v2\/comments?post=163528"}],"version-history":[{"count":0,"href":"https:\/\/www.europesays.com\/pt\/wp-json\/wp\/v2\/posts\/163528\/revisions"}],"wp:featuredmedia":[{"embeddable":true,"href":"https:\/\/www.europesays.com\/pt\/wp-json\/wp\/v2\/media\/163529"}],"wp:attachment":[{"href":"https:\/\/www.europesays.com\/pt\/wp-json\/wp\/v2\/media?parent=163528"}],"wp:term":[{"taxonomy":"category","embeddable":true,"href":"https:\/\/www.europesays.com\/pt\/wp-json\/wp\/v2\/categories?post=163528"},{"taxonomy":"post_tag","embeddable":true,"href":"https:\/\/www.europesays.com\/pt\/wp-json\/wp\/v2\/tags?post=163528"}],"curies":[{"name":"wp","href":"https:\/\/api.w.org\/{rel}","templated":true}]}}