{"id":163561,"date":"2025-11-24T15:44:08","date_gmt":"2025-11-24T15:44:08","guid":{"rendered":"https:\/\/www.europesays.com\/pt\/163561\/"},"modified":"2025-11-24T15:44:08","modified_gmt":"2025-11-24T15:44:08","slug":"portugal-brasil-em-direto-sub17","status":"publish","type":"post","link":"https:\/\/www.europesays.com\/pt\/163561\/","title":{"rendered":"Portugal-Brasil, em direto &#8211; Sub17"},"content":{"rendered":"<p>                            &#13;<br \/>\n                                J\u00e1 h\u00e1 onzes!&#13;<\/p>\n<p class=\" timeline-editorial__card__text\">&#13;<br \/>\n        <b>Onze de Portugal<\/b>: Rom\u00e1rio Cunha; Daniel Banjaqui, Martim Chelmik, Mauro Furtado, Jos\u00e9 Neto; Rafael Quintas, Bernardo Lima, Mateus Mide; Duarte Cunha, Stevan Manuel e An\u00edsio Cabral.<br \/>&#13;\n    <\/p>\n<p class=\" timeline-editorial__card__text\">&#13;<br \/>\n        (Suplentes: Alexandre Tverdohlebov, David Rodrigues, Gabriel Dbouk, Ricardo Neto, Yoan Pereira, Miguel Figueiredo, Santiago Verdi, Zeega, Jo\u00e3o Arag\u00e3o e Tom\u00e1s Soares)&#13;\n    <\/p>\n<p class=\" timeline-editorial__card__text\">&#13;<br \/>\n        <b>Onze do Brasil<\/b>: Jo\u00e3o Pedro; Angelo, Vit\u00e3o, Luccas Ramon, Lu\u00eds Pacheco, Felipe Morais; Tiaguinho, Z\u00e9 Lucas; Kayke, Ruan Pablo e Dell.&#13;\n    <\/p>\n<p class=\" timeline-editorial__card__text\">&#13;<br \/>\n        (Suplentes: Arthur Jampa, Lucas Andrade, Gabriel Mec, Vin\u00edcius Rocha, Pietro Tavares e Andrey Fernandes)&#13;\n    <\/p>\n","protected":false},"excerpt":{"rendered":"&#13; J\u00e1 h\u00e1 onzes!&#13; &#13; Onze de Portugal: Rom\u00e1rio Cunha; Daniel Banjaqui, Martim Chelmik, Mauro Furtado, Jos\u00e9 Neto;&hellip;\n","protected":false},"author":2,"featured_media":163562,"comment_status":"","ping_status":"","sticky":false,"template":"","format":"standard","meta":{"footnotes":""},"categories":[8],"tags":[27,28,15,16,14,25,26,21,22,12,13,19,20,32,23,24,33,17,18,29,30,31],"class_list":{"0":"post-163561","1":"post","2":"type-post","3":"status-publish","4":"format-standard","5":"has-post-thumbnail","7":"category-principais-noticias","8":"tag-breaking-news","9":"tag-breakingnews","10":"tag-featured-news","11":"tag-featurednews","12":"tag-headlines","13":"tag-latest-news","14":"tag-latestnews","15":"tag-main-news","16":"tag-mainnews","17":"tag-news","18":"tag-noticias","19":"tag-noticias-principais","20":"tag-noticiasprincipais","21":"tag-portugal","22":"tag-principais-noticias","23":"tag-principaisnoticias","24":"tag-pt","25":"tag-top-stories","26":"tag-topstories","27":"tag-ultimas","28":"tag-ultimas-noticias","29":"tag-ultimasnoticias"},"share_on_mastodon":{"url":"https:\/\/pubeurope.com\/@pt\/115605449190098061","error":""},"_links":{"self":[{"href":"https:\/\/www.europesays.com\/pt\/wp-json\/wp\/v2\/posts\/163561","targetHints":{"allow":["GET"]}}],"collection":[{"href":"https:\/\/www.europesays.com\/pt\/wp-json\/wp\/v2\/posts"}],"about":[{"href":"https:\/\/www.europesays.com\/pt\/wp-json\/wp\/v2\/types\/post"}],"author":[{"embeddable":true,"href":"https:\/\/www.europesays.com\/pt\/wp-json\/wp\/v2\/users\/2"}],"replies":[{"embeddable":true,"href":"https:\/\/www.europesays.com\/pt\/wp-json\/wp\/v2\/comments?post=163561"}],"version-history":[{"count":0,"href":"https:\/\/www.europesays.com\/pt\/wp-json\/wp\/v2\/posts\/163561\/revisions"}],"wp:featuredmedia":[{"embeddable":true,"href":"https:\/\/www.europesays.com\/pt\/wp-json\/wp\/v2\/media\/163562"}],"wp:attachment":[{"href":"https:\/\/www.europesays.com\/pt\/wp-json\/wp\/v2\/media?parent=163561"}],"wp:term":[{"taxonomy":"category","embeddable":true,"href":"https:\/\/www.europesays.com\/pt\/wp-json\/wp\/v2\/categories?post=163561"},{"taxonomy":"post_tag","embeddable":true,"href":"https:\/\/www.europesays.com\/pt\/wp-json\/wp\/v2\/tags?post=163561"}],"curies":[{"name":"wp","href":"https:\/\/api.w.org\/{rel}","templated":true}]}}