{"id":163581,"date":"2025-11-24T15:58:10","date_gmt":"2025-11-24T15:58:10","guid":{"rendered":"https:\/\/www.europesays.com\/pt\/163581\/"},"modified":"2025-11-24T15:58:10","modified_gmt":"2025-11-24T15:58:10","slug":"universitaria-cumpre-seis-anos-de-cadeia-por-perseguir-colega-na-internet","status":"publish","type":"post","link":"https:\/\/www.europesays.com\/pt\/163581\/","title":{"rendered":"Universit\u00e1ria cumpre seis anos de cadeia por perseguir colega na Internet"},"content":{"rendered":"<p>&#8220;O ac\u00f3rd\u00e3o proferido n\u00e3o enferma de nulidades, n\u00e3o padece de erros-v\u00edcio, nem de erros de julgamento em mat\u00e9ria de facto ou de direito. \u00c9, portanto, necess\u00e1rio confirm\u00e1-lo integralmente&#8221;. Foi desta forma que os ju\u00edzes do Tribunal da Rela\u00e7\u00e3o de Lisboa validaram a condena\u00e7\u00e3o, a seis anos e nove meses de pris\u00e3o efetiva, de uma aluna do Instituto Superior de Ci\u00eancias Sociais e Pol\u00edticas de Lisboa que, durante dois anos, perseguiu uma colega e familiares desta, com contornos obsessivos. Para tal, usou sempre plataformas an\u00f3nimas da Internet para humilhar e destruir a reputa\u00e7\u00e3o da v\u00edtima, al\u00e9m de propagar falsidades de teor sexual.<\/p>\n","protected":false},"excerpt":{"rendered":"&#8220;O ac\u00f3rd\u00e3o proferido n\u00e3o enferma de nulidades, n\u00e3o padece de erros-v\u00edcio, nem de erros de julgamento em mat\u00e9ria&hellip;\n","protected":false},"author":2,"featured_media":163582,"comment_status":"","ping_status":"","sticky":false,"template":"","format":"standard","meta":{"footnotes":""},"categories":[10],"tags":[27,28,15,16,14,34635,603,25,26,21,22,12,13,19,20,34634,32,23,24,33,34636,17,18,20918,29,30,31],"class_list":{"0":"post-163581","1":"post","2":"type-post","3":"status-publish","4":"format-standard","5":"has-post-thumbnail","7":"category-portugal","8":"tag-breaking-news","9":"tag-breakingnews","10":"tag-featured-news","11":"tag-featurednews","12":"tag-headlines","13":"tag-instituto-superior-de-ciencias-sociais-e-politicas","14":"tag-justica","15":"tag-latest-news","16":"tag-latestnews","17":"tag-main-news","18":"tag-mainnews","19":"tag-news","20":"tag-noticias","21":"tag-noticias-principais","22":"tag-noticiasprincipais","23":"tag-perseguicao","24":"tag-portugal","25":"tag-principais-noticias","26":"tag-principaisnoticias","27":"tag-pt","28":"tag-stalker","29":"tag-top-stories","30":"tag-topstories","31":"tag-tribunal-da-relacao","32":"tag-ultimas","33":"tag-ultimas-noticias","34":"tag-ultimasnoticias"},"share_on_mastodon":{"url":"https:\/\/pubeurope.com\/@pt\/115605504387212366","error":""},"_links":{"self":[{"href":"https:\/\/www.europesays.com\/pt\/wp-json\/wp\/v2\/posts\/163581","targetHints":{"allow":["GET"]}}],"collection":[{"href":"https:\/\/www.europesays.com\/pt\/wp-json\/wp\/v2\/posts"}],"about":[{"href":"https:\/\/www.europesays.com\/pt\/wp-json\/wp\/v2\/types\/post"}],"author":[{"embeddable":true,"href":"https:\/\/www.europesays.com\/pt\/wp-json\/wp\/v2\/users\/2"}],"replies":[{"embeddable":true,"href":"https:\/\/www.europesays.com\/pt\/wp-json\/wp\/v2\/comments?post=163581"}],"version-history":[{"count":0,"href":"https:\/\/www.europesays.com\/pt\/wp-json\/wp\/v2\/posts\/163581\/revisions"}],"wp:featuredmedia":[{"embeddable":true,"href":"https:\/\/www.europesays.com\/pt\/wp-json\/wp\/v2\/media\/163582"}],"wp:attachment":[{"href":"https:\/\/www.europesays.com\/pt\/wp-json\/wp\/v2\/media?parent=163581"}],"wp:term":[{"taxonomy":"category","embeddable":true,"href":"https:\/\/www.europesays.com\/pt\/wp-json\/wp\/v2\/categories?post=163581"},{"taxonomy":"post_tag","embeddable":true,"href":"https:\/\/www.europesays.com\/pt\/wp-json\/wp\/v2\/tags?post=163581"}],"curies":[{"name":"wp","href":"https:\/\/api.w.org\/{rel}","templated":true}]}}