{"id":163601,"date":"2025-11-24T16:11:11","date_gmt":"2025-11-24T16:11:11","guid":{"rendered":"https:\/\/www.europesays.com\/pt\/163601\/"},"modified":"2025-11-24T16:11:11","modified_gmt":"2025-11-24T16:11:11","slug":"ucrania-europeus-respondem-aos-28-pontos-de-trump-nato-nao-fica-vedada-tropas-nao-devem-ser-tao-reduzidas-leia-a-contraproposta","status":"publish","type":"post","link":"https:\/\/www.europesays.com\/pt\/163601\/","title":{"rendered":"Ucr\u00e2nia: europeus respondem aos 28 pontos de Trump. NATO n\u00e3o fica vedada, tropas n\u00e3o devem ser (t\u00e3o) reduzidas. Leia a contraproposta"},"content":{"rendered":"<p>Os primeiros sinais s\u00e3o positivos. Norte-americanos e ucranianos estiveram reunidos em Genebra este fim de semana para uma ronda intensiva de negocia\u00e7\u00f5es sobre os 28 pontos para a paz desenhados pela administra\u00e7\u00e3o Trump e que foram recebidos com um misto de revolta e incredulidade em Kiev, que considera o documento quase uma transposi\u00e7\u00e3o das exig\u00eancias russas.<\/p>\n<p><a href=\"https:\/\/expresso.pt\/subscrever?action=GEN&amp;channel=VID&amp;type=CAP&amp;source=WEB&amp;returnUrl=https:\/\/expresso.pt\/internacional\/guerra-na-ucrania\/2025-11-24-ucrania-europeus-respondem-aos-28-pontos-de-trump.-nato-nao-fica-vedada-tropas-nao-devem-ser--tao--reduzidas.-leia-a-contraproposta-2b935d4e&amp;utm_source=expresso&amp;utm_medium=locked_article&amp;locked=true&amp;article_id=de3546a9-c07e-464a-83b6-8d6fec709bf9&amp;author_id=Ana+Fran\u00e7a&amp;category=Guerra+na+Ucr\u00e2nia\" target=\"_self\" class=\"\" rel=\"nofollow noopener\">Subscrever<\/a>J\u00e1 \u00e9 Subscritor?Fa\u00e7a login e continue a ler<a href=\"http:\/\/expresso.pt\/codigo?redirectUrl=https:\/\/expresso.pt\/internacional\/guerra-na-ucrania\/2025-11-24-ucrania-europeus-respondem-aos-28-pontos-de-trump.-nato-nao-fica-vedada-tropas-nao-devem-ser--tao--reduzidas.-leia-a-contraproposta-2b935d4e\" target=\"_self\" class=\"\" rel=\"nofollow noopener\">Inserir C\u00f3digo<\/a>Comprou o Expresso?Insira o c\u00f3digo presente na Revista E para continuar a ler<\/p>\n","protected":false},"excerpt":{"rendered":"Os primeiros sinais s\u00e3o positivos. Norte-americanos e ucranianos estiveram reunidos em Genebra este fim de semana para uma&hellip;\n","protected":false},"author":2,"featured_media":163602,"comment_status":"","ping_status":"","sticky":false,"template":"","format":"standard","meta":{"footnotes":""},"categories":[50],"tags":[27,28,15,16,14,25,26,21,22,62,12,13,19,20,23,24,17,18,29,30,31,63,64,65],"class_list":{"0":"post-163601","1":"post","2":"type-post","3":"status-publish","4":"format-standard","5":"has-post-thumbnail","7":"category-mundo","8":"tag-breaking-news","9":"tag-breakingnews","10":"tag-featured-news","11":"tag-featurednews","12":"tag-headlines","13":"tag-latest-news","14":"tag-latestnews","15":"tag-main-news","16":"tag-mainnews","17":"tag-mundo","18":"tag-news","19":"tag-noticias","20":"tag-noticias-principais","21":"tag-noticiasprincipais","22":"tag-principais-noticias","23":"tag-principaisnoticias","24":"tag-top-stories","25":"tag-topstories","26":"tag-ultimas","27":"tag-ultimas-noticias","28":"tag-ultimasnoticias","29":"tag-world","30":"tag-world-news","31":"tag-worldnews"},"share_on_mastodon":{"url":"https:\/\/pubeurope.com\/@pt\/115605555415111388","error":""},"_links":{"self":[{"href":"https:\/\/www.europesays.com\/pt\/wp-json\/wp\/v2\/posts\/163601","targetHints":{"allow":["GET"]}}],"collection":[{"href":"https:\/\/www.europesays.com\/pt\/wp-json\/wp\/v2\/posts"}],"about":[{"href":"https:\/\/www.europesays.com\/pt\/wp-json\/wp\/v2\/types\/post"}],"author":[{"embeddable":true,"href":"https:\/\/www.europesays.com\/pt\/wp-json\/wp\/v2\/users\/2"}],"replies":[{"embeddable":true,"href":"https:\/\/www.europesays.com\/pt\/wp-json\/wp\/v2\/comments?post=163601"}],"version-history":[{"count":0,"href":"https:\/\/www.europesays.com\/pt\/wp-json\/wp\/v2\/posts\/163601\/revisions"}],"wp:featuredmedia":[{"embeddable":true,"href":"https:\/\/www.europesays.com\/pt\/wp-json\/wp\/v2\/media\/163602"}],"wp:attachment":[{"href":"https:\/\/www.europesays.com\/pt\/wp-json\/wp\/v2\/media?parent=163601"}],"wp:term":[{"taxonomy":"category","embeddable":true,"href":"https:\/\/www.europesays.com\/pt\/wp-json\/wp\/v2\/categories?post=163601"},{"taxonomy":"post_tag","embeddable":true,"href":"https:\/\/www.europesays.com\/pt\/wp-json\/wp\/v2\/tags?post=163601"}],"curies":[{"name":"wp","href":"https:\/\/api.w.org\/{rel}","templated":true}]}}