{"id":163613,"date":"2025-11-24T16:21:12","date_gmt":"2025-11-24T16:21:12","guid":{"rendered":"https:\/\/www.europesays.com\/pt\/163613\/"},"modified":"2025-11-24T16:21:12","modified_gmt":"2025-11-24T16:21:12","slug":"o-que-as-convulsoes-revelam-sobre-a-saude-dos-caes","status":"publish","type":"post","link":"https:\/\/www.europesays.com\/pt\/163613\/","title":{"rendered":"O que as convuls\u00f5es revelam sobre a sa\u00fade dos c\u00e3es"},"content":{"rendered":"<p>              &#13;<br \/>\n                O que as convuls\u00f5es revelam sobre a sa\u00fade dos c\u00e3es              <\/p>\n<p class=\"portus-main-article-intro\">Identifica\u00e7\u00e3o precoce de sinais e tratamento adequado permitem controle das crises e seguran\u00e7a ao animal<\/p>\n<p>               <a href=\"#PerfilColunista\" data-action=\"scrollTop\" class=\"item-meta-i\">&#13;<br \/>\n              Sergio Dias               <\/a> <a class=\"item-meta-i\">&#13;<br \/>\n              24 Nov 2025              \u00e0s&#13;<br \/>\n              13h15              <\/a> &#13;<br \/>\n              &#13;<br \/>\n              <a href=\"#QuadroComentario\" data-action=\"scrollTop\" class=\"item-meta-i\"> Comentarios<\/a> <\/p>\n<p>A ocorr\u00eancia de uma convuls\u00e3o em c\u00e3es mobiliza a aten\u00e7\u00e3o dos tutores e exige a\u00e7\u00e3o imediata, porque o epis\u00f3dio representa uma atividade el\u00e9trica anormal no c\u00e9rebro e pode indicar altera\u00e7\u00f5es neurol\u00f3gicas, metab\u00f3licas ou t\u00f3xicas. Esses eventos atingem animais de diferentes idades e perfis e acontecem de forma s\u00fabita, em ambientes dom\u00e9sticos ou externos, levando os tutores a buscarem atendimento emergencial para compreender o motivo do epis\u00f3dio e determinar o avan\u00e7o das investiga\u00e7\u00f5es.<\/p>\n<p><a href=\"https:\/\/www.europesays.com\/pt\/wp-content\/uploads\/2025\/11\/o-que-as-convulsoes-revelam-sobre-a-saude-dos-caes---pixabay-1.jpg\" class=\"lightbox-photo \" title=\"\"><img decoding=\"async\" class=\"ImgTotal\" src=\"https:\/\/www.europesays.com\/pt\/wp-content\/uploads\/2025\/11\/o-que-as-convulsoes-revelam-sobre-a-saude-dos-caes---pixabay-1.jpg\" alt=\"\"\/><\/a><br \/>O acontecimento envolve o animal como agente principal, surge quando h\u00e1 descargas el\u00e9tricas irregulares no c\u00e9rebro e se manifesta por tremores, rigidez muscular, movimentos involunt\u00e1rios e, em alguns casos, perda de consci\u00eancia. As crises ocorrem em qualquer hor\u00e1rio e local, variam em dura\u00e7\u00e3o e intensidade e s\u00e3o percebidas de diferentes maneiras pelos tutores, desde sinais discretos at\u00e9 epis\u00f3dios mais evidentes. O encaminhamento r\u00e1pido ao m\u00e9dico-veterin\u00e1rio \u00e9 o procedimento que determina as etapas seguintes de diagn\u00f3stico e tratamento.<\/p>\n<p>A convuls\u00e3o pode decorrer de causas gen\u00e9ticas, altera\u00e7\u00f5es estruturais no c\u00e9rebro, doen\u00e7as metab\u00f3licas, infec\u00e7\u00f5es virais ou bacterianas, intoxica\u00e7\u00f5es e traumas. A epilepsia aparece com frequ\u00eancia na rotina cl\u00ednica e \u00e9 caracterizada por crises recorrentes decorrentes de atividade el\u00e9trica anormal. H\u00e1 registros de predisposi\u00e7\u00e3o em algumas ra\u00e7as e uma parcela dos casos n\u00e3o apresenta causa definida, sendo classificada como epilepsia idiop\u00e1tica. A identifica\u00e7\u00e3o da origem depende de avalia\u00e7\u00e3o especializada e de exames complementares, que orientam a linha terap\u00eautica.<\/p>\n<p>Segundo a neurologista veterin\u00e1ria do Nouvet, Dra. Carla Sarkis, reconhecer os sinais iniciais ajuda o tutor a agir com seguran\u00e7a durante a crise. &#8220;Durante uma crise, o c\u00e3o pode apresentar mudan\u00e7a de comportamento, tremores, movimentos de pedalagem, saliva\u00e7\u00e3o intensa e, \u00e0s vezes, perda de consci\u00eancia. Antes da crise, \u00e9 comum notar mudan\u00e7as de comportamento, como inquieta\u00e7\u00e3o, agita\u00e7\u00e3o ou busca excessiva por aten\u00e7\u00e3o&#8221;, afirma.<\/p>\n<p><a href=\"https:\/\/www.europesays.com\/pt\/wp-content\/uploads\/2025\/11\/o-que-as-convulsoes-revelam-sobre-a-saude-dos-caes---pixabay-2.jpg\" class=\"lightbox-photo \" title=\"\"><img decoding=\"async\" class=\"ImgTotal\" src=\"https:\/\/www.europesays.com\/pt\/wp-content\/uploads\/2025\/11\/o-que-as-convulsoes-revelam-sobre-a-saude-dos-caes---pixabay-2.jpg\" alt=\"\"\/><\/a><br \/>Os epis\u00f3dios convulsivos se apresentam em diferentes fases. Na etapa que antecede a crise, alguns c\u00e3es ficam inquietos, ansiosos ou buscam proximidade com o tutor. Durante a convuls\u00e3o, podem ocorrer rigidez muscular, tremores, saliva\u00e7\u00e3o e elimina\u00e7\u00e3o involunt\u00e1ria de urina e fezes. Ap\u00f3s o epis\u00f3dio, alguns animais demonstram desorienta\u00e7\u00e3o, dificuldade de locomo\u00e7\u00e3o ou vis\u00e3o temporariamente comprometida. A observa\u00e7\u00e3o do tutor sobre o comportamento antes, durante e depois das crises auxilia o especialista na forma\u00e7\u00e3o do diagn\u00f3stico.<\/p>\n<p>O m\u00e9dico-veterin\u00e1rio inicia a investiga\u00e7\u00e3o analisando o hist\u00f3rico cl\u00ednico e os detalhes fornecidos pelos tutores, que incluem dura\u00e7\u00e3o da crise, frequ\u00eancia e comportamento associado. Exames laboratoriais ajudam a identificar poss\u00edveis causas metab\u00f3licas e intoxica\u00e7\u00f5es, enquanto exames de imagem, como a resson\u00e2ncia magn\u00e9tica, s\u00e3o usados para descartar altera\u00e7\u00f5es estruturais no sistema nervoso central. A partir do diagn\u00f3stico, o tratamento \u00e9 definido conforme a origem da convuls\u00e3o.<\/p>\n<p>A epilepsia \u00e9 tratada com medicamentos anticonvulsivantes, como o fenobarbital, que podem ser combinados a outras subst\u00e2ncias conforme a resposta do animal. O tratamento direcionado \u00e0 causa principal, quando identificada, integra o processo e exige acompanhamento regular para ajuste de doses e monitoramento de efeitos colaterais. A gest\u00e3o da doen\u00e7a tamb\u00e9m inclui cuidados complementares, como rotina est\u00e1vel, ambiente sem est\u00edmulos excessivos e registro das crises para an\u00e1lise peri\u00f3dica.<\/p>\n<p>A Dra. Carla Sarkis refor\u00e7a que o manejo adequado depende de orienta\u00e7\u00e3o profissional. &#8220;Quanto mais cedo o diagn\u00f3stico for feito, maiores as chances de controlar as crises e garantir o bem-estar do animal. O tutor nunca deve medicar o c\u00e3o por conta pr\u00f3pria ? somente o veterin\u00e1rio pode indicar o tratamento e a dosagem correta&#8221;, destaca.<\/p>\n<p>C\u00e3es tratados e acompanhados de forma cont\u00ednua podem manter qualidade de vida e conviv\u00eancia segura, desde que o controle das crises seja monitorado e que todas as medidas cl\u00ednicas e ambientais recomendadas sejam adotadas. O reconhecimento dos sinais e a busca imediata por atendimento especializado s\u00e3o determinantes para reduzir riscos e assegurar a estabilidade do quadro.<\/p>\n<p>                \t\t\t\t\t\t\t\t<a onclick=\"Computa('')\" href=\"\" target=\"_blank\" rel=\"dofollow\" alt=\"\"><img decoding=\"async\" src=\"https:\/\/agoravale.com.br\/GCWAV\/Banners\/\" title=\"Click e Veja Mais\" alt=\"\" style=\"width: 100%;border: 1px solid rgba(0, 0, 0, 0.08);\"\/><\/a><\/p>\n","protected":false},"excerpt":{"rendered":"&#13; O que as convuls\u00f5es revelam sobre a sa\u00fade dos c\u00e3es Identifica\u00e7\u00e3o precoce de sinais e tratamento adequado&hellip;\n","protected":false},"author":2,"featured_media":163614,"comment_status":"","ping_status":"","sticky":false,"template":"","format":"standard","meta":{"footnotes":""},"categories":[86],"tags":[116,32,33,117],"class_list":{"0":"post-163613","1":"post","2":"type-post","3":"status-publish","4":"format-standard","5":"has-post-thumbnail","7":"category-saude","8":"tag-health","9":"tag-portugal","10":"tag-pt","11":"tag-saude"},"share_on_mastodon":{"url":"https:\/\/pubeurope.com\/@pt\/115605595077222048","error":""},"_links":{"self":[{"href":"https:\/\/www.europesays.com\/pt\/wp-json\/wp\/v2\/posts\/163613","targetHints":{"allow":["GET"]}}],"collection":[{"href":"https:\/\/www.europesays.com\/pt\/wp-json\/wp\/v2\/posts"}],"about":[{"href":"https:\/\/www.europesays.com\/pt\/wp-json\/wp\/v2\/types\/post"}],"author":[{"embeddable":true,"href":"https:\/\/www.europesays.com\/pt\/wp-json\/wp\/v2\/users\/2"}],"replies":[{"embeddable":true,"href":"https:\/\/www.europesays.com\/pt\/wp-json\/wp\/v2\/comments?post=163613"}],"version-history":[{"count":0,"href":"https:\/\/www.europesays.com\/pt\/wp-json\/wp\/v2\/posts\/163613\/revisions"}],"wp:featuredmedia":[{"embeddable":true,"href":"https:\/\/www.europesays.com\/pt\/wp-json\/wp\/v2\/media\/163614"}],"wp:attachment":[{"href":"https:\/\/www.europesays.com\/pt\/wp-json\/wp\/v2\/media?parent=163613"}],"wp:term":[{"taxonomy":"category","embeddable":true,"href":"https:\/\/www.europesays.com\/pt\/wp-json\/wp\/v2\/categories?post=163613"},{"taxonomy":"post_tag","embeddable":true,"href":"https:\/\/www.europesays.com\/pt\/wp-json\/wp\/v2\/tags?post=163613"}],"curies":[{"name":"wp","href":"https:\/\/api.w.org\/{rel}","templated":true}]}}