{"id":163617,"date":"2025-11-24T16:23:20","date_gmt":"2025-11-24T16:23:20","guid":{"rendered":"https:\/\/www.europesays.com\/pt\/163617\/"},"modified":"2025-11-24T16:23:20","modified_gmt":"2025-11-24T16:23:20","slug":"6-funcoes-do-whatsapp-que-deixam-o-app-mais-organizado-e-eficiente","status":"publish","type":"post","link":"https:\/\/www.europesays.com\/pt\/163617\/","title":{"rendered":"6 fun\u00e7\u00f5es do WhatsApp que deixam o app mais organizado e eficiente"},"content":{"rendered":"<p><a href=\"https:\/\/fastcompanybrasil.com\/autor\/gabriel-nassif\" rel=\"nofollow noopener\" target=\"_blank\">Gabriel Nassif<\/a><\/p>\n<p>2 minutos de leitura\t<\/p>\n<p>O <strong>WhatsApp <\/strong>recebe <a href=\"https:\/\/fastcompanybrasil.com\/news\/anuncios-no-whatsapp-veja-o-que-muda-com-a-nova-decisao-da-meta\/\" target=\"_blank\" rel=\"noreferrer noopener nofollow\">atualiza\u00e7\u00f5es frequentes<\/a> da Meta e amplia o conjunto de ferramentas dispon\u00edveis no aplicativo. Mesmo com novos recursos, parte das fun\u00e7\u00f5es segue pouco utilizada, apesar de melhorar a seguran\u00e7a, a organiza\u00e7\u00e3o e a velocidade do uso di\u00e1rio.<\/p>\n<p>A seguir, est\u00e3o confira fun\u00e7\u00f5es do WhatsApp que ajudam usu\u00e1rios que buscam mais privacidade e agilidade no aplicativo.<\/p>\n<p><strong>Leia tamb\u00e9m:<\/strong> <a href=\"https:\/\/fastcompanybrasil.com\/tech\/whatsapp-lanca-funcao-que-transforma-o-celular-em-scanner-de-documentos-veja-como-ativar\/\" target=\"_blank\" rel=\"noreferrer noopener nofollow\">WhatsApp lan\u00e7a fun\u00e7\u00e3o que transforma o celular em scanner de documentos; veja como ativar<\/a><\/p>\n<p><strong>1. Bloqueio de conversas<\/strong><\/p>\n<p>O bloqueio de conversas adiciona uma camada a mais de privacidade ao WhatsApp. Nesse sentido, o recurso cria uma \u00e1rea protegida por senha, biometria ou reconhecimento facial, guardando conversas pessoais e sigilosas.<\/p>\n<p><strong>2. Pesquisa por data<\/strong><\/p>\n<p>A pesquisa por data facilita a busca por mensagens antigas em conversas extensas. Dessa forma, o usu\u00e1rio escolher o dia, m\u00eas e ano, e o aplicativo exibe o conte\u00fado enviado no per\u00edodo selecionado.<\/p>\n<p>Valer ressaltar que o recurso funciona tanto em conversas individuais quanto em grupos. Para acessar, \u00e9 necess\u00e1rio abrir o chat, tocar no nome do contato ou grupo, selecionar Pesquisar e usar o \u00edcone de calend\u00e1rio.<\/p>\n<p><strong>3. Cria\u00e7\u00e3o de listas<\/strong><\/p>\n<p>O recurso, lan\u00e7ado em 2024, organiza as conversas em listas definidas pelo usu\u00e1rio, de forma simples e f\u00e1cil, separando os chats por categorias personalizadas. Esse recurso facilita encontrar conversas de forma pr\u00e1tica, eliminando o tempo perdido procurando o chat na lista de conversas.<\/p>\n<p><strong>Leia mais:<\/strong> <a href=\"https:\/\/fastcompanybrasil.com\/tech\/whatsapp-veja-7-motivos-que-podem-causar-o-bloqueio-da-sua-conta\/\" target=\"_blank\" rel=\"noreferrer noopener nofollow\">WhatsApp: veja 7 motivos que podem causar o bloqueio da sua conta<\/a><\/p>\n<p><strong>4. Compartilhamento de tela<\/strong><\/p>\n<p>O compartilhamento de tela ampliou o uso das chamadas de v\u00eddeo no aplicativo. A fun\u00e7\u00e3o \u00e9 \u00fatil para reuni\u00f5es de estudo, profissionais e at\u00e9 suporte t\u00e9cnico. Com o compartilhamento, o usu\u00e1rio consegue mostrar em tempo real o conte\u00fado exibido no tela, tanto do celular quanto do computador.<\/p>\n<p><strong>5. Atalhos para conversas<\/strong><\/p>\n<p>Outro recurso \u00fatil para produtividade s\u00e3o os atalhos para conversas. Criar atalhos permite acessar as conversas privadas ou em grupo mais frequentes de maneira r\u00e1pida. Dessa forma, o recurso adiciona um \u00edcone direto ao chat na tela inicial do aparelho.<\/p>\n<p><strong>6. Envio de fotos em HD<\/strong><\/p>\n<p>Para profissionais que trabalham com arquivos de fotos, o envio de fotos em HD mant\u00e9m maior nitidez e reduz a compress\u00e3o aplicada pelo formato tradicional. O recurso funciona tanto para imagens da galeria quanto para fotos tiradas na hora.<\/p>\n<p>Ap\u00f3s selecionar a imagem, o usu\u00e1rio toca no \u00edcone HD, define a qualidade desejada e envia. A fun\u00e7\u00e3o tamb\u00e9m pode ser configurada como padr\u00e3o nas Configura\u00e7\u00f5es, na se\u00e7\u00e3o Conversas, em Qualidade da m\u00eddia.<\/p>\n<p><strong>Esse v\u00eddeo pode te interessar:<\/strong><strong>Por que essas fun\u00e7\u00f5es importam<\/strong><\/p>\n<p>As novas ferramentas refor\u00e7am a estrat\u00e9gia do <strong>WhatsApp <\/strong>de ampliar o uso do aplicativo para atividades que v\u00e3o al\u00e9m das mensagens. Os recursos aumentam a privacidade e melhoram a organiza\u00e7\u00e3o, especialmente para quem utiliza o app no trabalho ou na rotina pessoal.<\/p>\n<p><strong>Leia mais:<\/strong> <a href=\"https:\/\/fastcompanybrasil.com\/tech\/esqueceu-de-responder-whatsapp-comeca-a-enviar-lembretes-veja-como-usar\/\" target=\"_blank\" rel=\"noreferrer noopener nofollow\">Esqueceu de responder? WhatsApp come\u00e7a a enviar lembretes; veja como usar<\/a><\/p>\n<p><img decoding=\"async\" src=\"\" alt=\"\"\/><\/p>\n<p>SOBRE O AUTOR<\/p>\n<p>  <a href=\"https:\/\/fastcompanybrasil.com\/autor\/gabriel-nassif\" rel=\"nofollow noopener\" target=\"_blank\"><\/p>\n<p class=\"description\">Jornalista, com experi\u00eancia em produ\u00e7\u00e3o de mat\u00e9rias e conte\u00fados multiplataforma. Atuou em ve\u00edculos independentes e comunit\u00e1rios, al\u00e9m &#8230; saiba mais<\/p>\n<p><\/a><\/p>\n","protected":false},"excerpt":{"rendered":"Gabriel Nassif 2 minutos de leitura O WhatsApp recebe atualiza\u00e7\u00f5es frequentes da Meta e amplia o conjunto de&hellip;\n","protected":false},"author":2,"featured_media":163618,"comment_status":"","ping_status":"","sticky":false,"template":"","format":"standard","meta":{"footnotes":""},"categories":[84],"tags":[109,107,108,32,33,105,103,104,106,110],"class_list":{"0":"post-163617","1":"post","2":"type-post","3":"status-publish","4":"format-standard","5":"has-post-thumbnail","7":"category-ciencia-e-tecnologia","8":"tag-ciencia","9":"tag-ciencia-e-tecnologia","10":"tag-cienciaetecnologia","11":"tag-portugal","12":"tag-pt","13":"tag-science","14":"tag-science-and-technology","15":"tag-scienceandtechnology","16":"tag-technology","17":"tag-tecnologia"},"share_on_mastodon":{"url":"https:\/\/pubeurope.com\/@pt\/115605602872339141","error":""},"_links":{"self":[{"href":"https:\/\/www.europesays.com\/pt\/wp-json\/wp\/v2\/posts\/163617","targetHints":{"allow":["GET"]}}],"collection":[{"href":"https:\/\/www.europesays.com\/pt\/wp-json\/wp\/v2\/posts"}],"about":[{"href":"https:\/\/www.europesays.com\/pt\/wp-json\/wp\/v2\/types\/post"}],"author":[{"embeddable":true,"href":"https:\/\/www.europesays.com\/pt\/wp-json\/wp\/v2\/users\/2"}],"replies":[{"embeddable":true,"href":"https:\/\/www.europesays.com\/pt\/wp-json\/wp\/v2\/comments?post=163617"}],"version-history":[{"count":0,"href":"https:\/\/www.europesays.com\/pt\/wp-json\/wp\/v2\/posts\/163617\/revisions"}],"wp:featuredmedia":[{"embeddable":true,"href":"https:\/\/www.europesays.com\/pt\/wp-json\/wp\/v2\/media\/163618"}],"wp:attachment":[{"href":"https:\/\/www.europesays.com\/pt\/wp-json\/wp\/v2\/media?parent=163617"}],"wp:term":[{"taxonomy":"category","embeddable":true,"href":"https:\/\/www.europesays.com\/pt\/wp-json\/wp\/v2\/categories?post=163617"},{"taxonomy":"post_tag","embeddable":true,"href":"https:\/\/www.europesays.com\/pt\/wp-json\/wp\/v2\/tags?post=163617"}],"curies":[{"name":"wp","href":"https:\/\/api.w.org\/{rel}","templated":true}]}}