{"id":163619,"date":"2025-11-24T16:24:17","date_gmt":"2025-11-24T16:24:17","guid":{"rendered":"https:\/\/www.europesays.com\/pt\/163619\/"},"modified":"2025-11-24T16:24:17","modified_gmt":"2025-11-24T16:24:17","slug":"simbolo-de-uma-nova-era-no-carregamento-pode-cortar-os-custos-de-energia-em-ate-e500","status":"publish","type":"post","link":"https:\/\/www.europesays.com\/pt\/163619\/","title":{"rendered":"&#8220;S\u00edmbolo de uma nova era no carregamento&#8221; pode cortar os custos de energia em at\u00e9 \u20ac500"},"content":{"rendered":"<p>Indo al\u00e9m do design elegante e do desempenho que j\u00e1 naturalmente associamos aos seus ve\u00edculos, a Mercedes-Benz acaba de revelar uma concept van com caracter\u00edsticas descritas como ousadas.<\/p>\n<p><a target=\"_blank\" href=\"https:\/\/pplware.sapo.pt\/wp-content\/uploads\/2025\/11\/mercedes-benz-elf-5.jpg\" onclick=\"refreshIframe()\" class=\"foobox\" rel=\"nofollow noopener\"><img fetchpriority=\"high\" decoding=\"async\" src=\"https:\/\/www.europesays.com\/pt\/wp-content\/uploads\/2025\/11\/mercedes-benz-elf-5-720x405.jpg\" alt=\"Concept van ELF (Experimental Lade Fahrzeug) da Mercedes-Benz\" width=\"720\" height=\"405\" class=\"aligncenter size-medium wp-image-1090174\"  \/><\/a>\n<\/p>\n<p>Chama-se ELF (Experimental Lade Fahrzeug) e d\u00e1 forma a um laborat\u00f3rio m\u00f3vel, constru\u00eddo pela <a target=\"_blank\" href=\"https:\/\/pplware.sapo.pt\/tag\/mercedes-benz\/\" rel=\"nofollow noopener\">Mercedes-Benz<\/a> para testar a pr\u00f3xima gera\u00e7\u00e3o de carregamento de ve\u00edculos el\u00e9tricos.<\/p>\n<p>Ao contr\u00e1rio dos ve\u00edculos el\u00e9tricos tradicionais, o prot\u00f3tipo pode lidar com quase todas as formas de carregamento, desde sistemas CCS e megawatts ultrarr\u00e1pidos, carregamento sem fios e at\u00e9 partilha de energia entre ve\u00edculos e a rede el\u00e9trica.<\/p>\n<p>Com o ELF, a Mercedes pretende que um carro possa receber e devolver energia, transformando os ve\u00edculos el\u00e9tricos em pequenas centrais el\u00e9tricas sobre rodas.<\/p>\n<blockquote>\n<p>A mobilidade el\u00e9trica \u00e9 mais do que apenas tecnologia. O ELF \u00e9 mais do que um ve\u00edculo.<\/p>\n<\/blockquote>\n<p>Escreveu a empresa, num <a target=\"_blank\" href=\"https:\/\/media.mercedes-benz.com\/article\/bcb6302c-aa69-412f-90cb-220ffc8c22df\" rel=\"nofollow noopener\">comunicado<\/a>, acrescentando que a concept van &#8220;\u00e9 um s\u00edmbolo de uma nova era ousada no carregamento&#8221;.<\/p>\n<p><a target=\"_blank\" href=\"https:\/\/pplware.sapo.pt\/wp-content\/uploads\/2025\/11\/mercedes-benz-elf-3.jpg\" onclick=\"refreshIframe()\" class=\"foobox\" rel=\"nofollow noopener\"><img loading=\"lazy\" decoding=\"async\" src=\"https:\/\/www.europesays.com\/pt\/wp-content\/uploads\/2025\/11\/mercedes-benz-elf-3-720x405.jpg\" alt=\"Concept van ELF (Experimental Lade Fahrzeug) da Mercedes-Benz\" width=\"720\" height=\"405\" class=\"aligncenter size-medium wp-image-1090177\"  \/><\/a><\/p>\n<p>Mercedes poderia ajudar a reduzir os custos de energia em at\u00e9 500 euros<\/p>\n<p>A capacidade de armazenar energia renov\u00e1vel e envi\u00e1-la de volta para a rede ou at\u00e9 mesmo alimentar uma casa durante falhas de energia \u00e9 uma das inova\u00e7\u00f5es do sistema apresentado pela Mercedes-Benz.<\/p>\n<p>Segundo a marca, o carregamento bidirecional poderia ajudar a reduzir os custos de energia dom\u00e9stica em at\u00e9 500 euros por ano.<\/p>\n<p><a target=\"_blank\" href=\"https:\/\/pplware.sapo.pt\/wp-content\/uploads\/2025\/11\/mercedes-benz-elf-1.jpg\" onclick=\"refreshIframe()\" class=\"foobox\" rel=\"nofollow noopener\"><img loading=\"lazy\" decoding=\"async\" src=\"https:\/\/www.europesays.com\/pt\/wp-content\/uploads\/2025\/11\/mercedes-benz-elf-1-720x405.jpg\" alt=\"Concept van ELF (Experimental Lade Fahrzeug) da Mercedes-Benz\" width=\"720\" height=\"405\" class=\"aligncenter size-medium wp-image-1090179\"  \/><\/a><\/p>\n<p>Para as habita\u00e7\u00f5es equipadas com pain\u00e9is solares, o potencial de poupan\u00e7a \u00e9 ainda maior, pois a combina\u00e7\u00e3o de pain\u00e9is solares no telhado com um ve\u00edculo el\u00e9trico com um sistema deste tipo pode reduzir drasticamente os custos de carregamento.<\/p>\n<p>Al\u00e9m do sistema, os engenheiros da Mercedes est\u00e3o, tamb\u00e9m, a testar o carregamento indutivo (sem fios) e condutivo, por via de uma placa no ch\u00e3o, prevendo tornar a liga\u00e7\u00e3o \u00e0 tomada obsoleta.<\/p>\n<p>Para os moradores da cidade e operadores de frotas, isso significa energia mais r\u00e1pida, mais limpa e mais acess\u00edvel, especialmente quando combinada com a ambi\u00e7\u00e3o da empresa em dire\u00e7\u00e3o a esta\u00e7\u00f5es de carregamento automatizadas e rob\u00f3ticas.<\/p>\n<dl class=\"gallery-item\">\n<dt class=\"gallery-icon landscape\">\n\t\t\t\t<a data-attachment-id=\"1090178\" href=\"https:\/\/pplware.sapo.pt\/wp-content\/uploads\/2025\/11\/mercedes-benz-elf-2.jpg\" rel=\"nofollow noopener\" target=\"_blank\"><img loading=\"lazy\" decoding=\"async\" width=\"720\" height=\"405\" src=\"https:\/\/www.europesays.com\/pt\/wp-content\/uploads\/2025\/11\/mercedes-benz-elf-2-720x405.jpg\" class=\"attachment-medium size-medium\" alt=\"\"  \/><\/a>\n\t\t\t<\/dt>\n<\/dl>\n<dl class=\"gallery-item\">\n<dt class=\"gallery-icon landscape\">\n\t\t\t\t<a data-attachment-id=\"1090175\" href=\"https:\/\/pplware.sapo.pt\/wp-content\/uploads\/2025\/11\/mercedes-benz-elf-4.jpg\" rel=\"nofollow noopener\" target=\"_blank\"><img loading=\"lazy\" decoding=\"async\" width=\"720\" height=\"405\" src=\"https:\/\/www.europesays.com\/pt\/wp-content\/uploads\/2025\/11\/mercedes-benz-elf-4-720x405.jpg\" class=\"attachment-medium size-medium\" alt=\"\"  \/><\/a>\n\t\t\t<\/dt>\n<\/dl>\n<p><br style=\"clear: both\"\/><\/p>\n<p>O ELF est\u00e1 a ajudar a Mercedes-Benz a testar velocidades de carregamento de at\u00e9 900 quilowatts, potencialmente reabastecendo um carro el\u00e9trico em apenas 10 minutos &#8211; muito pr\u00f3ximo do tempo que demora a encher um tanque de combust\u00edvel f\u00f3ssil.<\/p>\n<p>Ora, ao melhorar a efici\u00eancia e a acessibilidade do carregamento de ve\u00edculos el\u00e9tricos, a Mercedes est\u00e1 a responder a um dos maiores desafios na redu\u00e7\u00e3o da polui\u00e7\u00e3o: a lacuna de infraestrutura.<\/p>\n<p>A Mercedes espera que algumas das funcionalidades, nomeadamente o carregamento bidirecional em casa, sejam lan\u00e7adas, na Europa, at\u00e9 2026, com uma ado\u00e7\u00e3o mais ampla logo depois.<\/p>\n","protected":false},"excerpt":{"rendered":"Indo al\u00e9m do design elegante e do desempenho que j\u00e1 naturalmente associamos aos seus ve\u00edculos, a Mercedes-Benz acaba&hellip;\n","protected":false},"author":2,"featured_media":163620,"comment_status":"","ping_status":"","sticky":false,"template":"","format":"standard","meta":{"footnotes":""},"categories":[83],"tags":[88,9817,89,90,6256,32,33],"class_list":{"0":"post-163619","1":"post","2":"type-post","3":"status-publish","4":"format-standard","5":"has-post-thumbnail","7":"category-empresas","8":"tag-business","9":"tag-carregamento","10":"tag-economy","11":"tag-empresas","12":"tag-mercedes-benz","13":"tag-portugal","14":"tag-pt"},"share_on_mastodon":{"url":"https:\/\/pubeurope.com\/@pt\/115605606924951949","error":""},"_links":{"self":[{"href":"https:\/\/www.europesays.com\/pt\/wp-json\/wp\/v2\/posts\/163619","targetHints":{"allow":["GET"]}}],"collection":[{"href":"https:\/\/www.europesays.com\/pt\/wp-json\/wp\/v2\/posts"}],"about":[{"href":"https:\/\/www.europesays.com\/pt\/wp-json\/wp\/v2\/types\/post"}],"author":[{"embeddable":true,"href":"https:\/\/www.europesays.com\/pt\/wp-json\/wp\/v2\/users\/2"}],"replies":[{"embeddable":true,"href":"https:\/\/www.europesays.com\/pt\/wp-json\/wp\/v2\/comments?post=163619"}],"version-history":[{"count":0,"href":"https:\/\/www.europesays.com\/pt\/wp-json\/wp\/v2\/posts\/163619\/revisions"}],"wp:featuredmedia":[{"embeddable":true,"href":"https:\/\/www.europesays.com\/pt\/wp-json\/wp\/v2\/media\/163620"}],"wp:attachment":[{"href":"https:\/\/www.europesays.com\/pt\/wp-json\/wp\/v2\/media?parent=163619"}],"wp:term":[{"taxonomy":"category","embeddable":true,"href":"https:\/\/www.europesays.com\/pt\/wp-json\/wp\/v2\/categories?post=163619"},{"taxonomy":"post_tag","embeddable":true,"href":"https:\/\/www.europesays.com\/pt\/wp-json\/wp\/v2\/tags?post=163619"}],"curies":[{"name":"wp","href":"https:\/\/api.w.org\/{rel}","templated":true}]}}