{"id":163621,"date":"2025-11-24T16:25:19","date_gmt":"2025-11-24T16:25:19","guid":{"rendered":"https:\/\/www.europesays.com\/pt\/163621\/"},"modified":"2025-11-24T16:25:19","modified_gmt":"2025-11-24T16:25:19","slug":"mulher-da-era-viking-encontrada-enterrada-com-conchas-na-boca-os-arqueologos-estao-perplexos","status":"publish","type":"post","link":"https:\/\/www.europesays.com\/pt\/163621\/","title":{"rendered":"Mulher da era viking encontrada enterrada com conchas na boca. Os arque\u00f3logos est\u00e3o perplexos"},"content":{"rendered":"<p class=\"wp-caption-text top\">Ellen Grav \/ Universidade Norueguesa de Ci\u00eancia e Tecnologia<\/p>\n<p><img decoding=\"async\" loading=\"lazy\" class=\"wp-image-712857 size-kopa-image-size-3\" src=\"https:\/\/www.europesays.com\/pt\/wp-content\/uploads\/2025\/11\/6fe2699a2d0308edae3f71c7f775ca4c-783x450.jpg\" alt=\"\" width=\"700\" height=\"402\"  \/><\/p>\n<p><strong>Na cultura crist\u00e3, as conchas estavam associadas \u00e0s peregrina\u00e7\u00e3o a Santiago. No entanto, a sepultura precede a chegada do cristianismo \u00e0 Escandin\u00e1via, o que adensa mais o mist\u00e9rio sobre o seu significado.<\/strong><\/p>\n<p>Uma descoberta fortuita feita por um detetorista de metais no centro da Noruega levou os arque\u00f3logos a um <strong>raro enterro da Era Viking <\/strong>com um ritual nunca antes visto em t\u00famulos pr\u00e9-crist\u00e3os da regi\u00e3o.<\/p>\n<p>A descoberta, feita no condado costeiro de Tr\u00f8ndelag, revelou um <strong>esqueleto feminino<\/strong> excepcionalmente bem preservado, adornado com j\u00f3ias e duas grandes conchas de vieira colocadas sobre a sua boca.<\/p>\n<p>A descoberta come\u00e7ou quando o detetorista amador <strong>Roy S\u00f8reng<\/strong> encontrou um broche oval t\u00edpico do s\u00e9culo IX enquanto inspecionava uma propriedade rural privada. Depois de notificarem o propriet\u00e1rio, Arve Innstrand, e as autoridades locais, os arque\u00f3logos da Universidade Norueguesa de Ci\u00eancia e Tecnologia (NTNU) iniciaram uma escava\u00e7\u00e3o completa.<\/p>\n<p>O que descobriram surpreendeu-os. \u201cA sepultura cont\u00e9m o que acreditamos ser uma mulher, enterrada com uma vestimenta t\u00edpica da Era Viking e joias que datam do s\u00e9culo IX\u201d, disse Raymond Sauvage, l\u00edder do projeto e arque\u00f3logo da NTNU, num <a href=\"https:\/\/gemini.no\/2025\/11\/oppsiktsvekkende-vikingtidsgrav-begeistrer-arkeologene\/\" data-wpel-link=\"external\" target=\"_blank\" rel=\"nofollow external noopener noreferrer\" class=\"ext-link\">comunicado<\/a>. \u201cA caracter\u00edstica mais marcante s\u00e3o duas conchas de vieira colocadas junto \u00e0 boca da falecida, uma <strong>pr\u00e1tica at\u00e9 ent\u00e3o desconhecida<\/strong> nas sepulturas pr\u00e9-crist\u00e3s da Noruega.\u201d<\/p>\n<p>A mulher vestia as roupas tradicionais em camadas de uma mulher livre da Era Viking. Dois broches ovais prendiam um vestido exterior nos ombros, enquanto um pequeno broche em forma de anel prendia a pe\u00e7a interior no decote. As suas roupas e joias sugerem que <strong>possu\u00eda um estatuto social mais alto<\/strong>, sendo possivelmente a senhora de uma quinta.<\/p>\n<p>No entanto, o enterro continha elementos inesperados. Al\u00e9m da coloca\u00e7\u00e3o das conchas sobre a boca, os arque\u00f3logos encontraram <strong>ossos de aves dispostos no interior da sepultura<\/strong>. O objetivo destas adi\u00e7\u00f5es permanece incerto. \u201c\u00c9 prov\u00e1vel que as conchas de vieira tivessem um significado simb\u00f3lico, destinado a ser comunicado \u00e0queles que testemunhassem o enterro\u201d, observou Sauvage. \u201cInfelizmente, \u00e9 dif\u00edcil adivinhar qual poder\u00e1 ter sido esse significado.\u201d<\/p>\n<p>Embora as vieiras sejam abundantes nas \u00e1guas locais, n\u00e3o se sabe ao certo se foram recolhidas por mergulho livre ou recolhidas como conchas mortas nas margens. O significado simb\u00f3lico pode ter mudado ao longo dos tempos: em contextos romanos, os motivos de vieira sinalizavam ideias de renascimento, enquanto na Europa crist\u00e3 medieval a concha passou a estar associada \u00e0 rota de peregrina\u00e7\u00e3o de Santiago. No entanto, este enterramento <strong>\u00e9 anterior \u00e0 influ\u00eancia crist\u00e3 na regi\u00e3o<\/strong>, o que torna a sua interpreta\u00e7\u00e3o particularmente desafiante.<\/p>\n<p>O estado de conserva\u00e7\u00e3o excepcionalmente intacto do esqueleto aumenta a import\u00e2ncia da descoberta. \u201c\u00c9 muito raro encontrar um esqueleto t\u00e3o bem preservado em sepulturas antigas\u201d, disse Hanna Geiran, diretora-geral da Dire\u00e7\u00e3o Norueguesa do Patrim\u00f3nio Cultural. \u201cEsta descoberta tem um<strong> grande valor para o patrim\u00f3nio cultural<\/strong>\u201c.<\/p>\n<p>    <a href=\"https:\/\/zap.aeiou.pt\/subscrever-newsletter\" data-wpel-link=\"internal\" rel=\"nofollow noopener\" target=\"_blank\">&#13;<br \/>\n        <img loading=\"lazy\" decoding=\"async\" class=\"aligncenter size-full wp-image-575475\" src=\"https:\/\/www.europesays.com\/pt\/wp-content\/uploads\/2025\/11\/2d51fe4a0ba54894421ead1809309ed9-1-450x140.jpg\" alt=\"Subscreva a Newsletter ZAP\" width=\"450\" height=\"140\"\/>&#13;<br \/>\n    <\/a><\/p>\n<p>                <a href=\"https:\/\/whatsapp.com\/channel\/0029VaIC4EE2f3EJZPPSbR34\" data-wpel-link=\"external\" target=\"_blank\" rel=\"nofollow external noopener noreferrer\" class=\"ext-link\">&#13;<br \/>\n                    <img loading=\"lazy\" decoding=\"async\" class=\"aligncenter size-full wp-image-575475\" src=\"https:\/\/www.europesays.com\/pt\/wp-content\/uploads\/2025\/11\/c68c559d956d4ca20f435ed74a6e71e6.png\" alt=\"Siga-nos no WhatsApp\" width=\"175\" height=\"64\"\/>&#13;<br \/>\n                <\/a><\/p>\n<p>                <a href=\"https:\/\/news.google.com\/publications\/CAAiEHRwZondIV71PDjWNoqMduEqFAgKIhB0cGaJ3SFe9Tw41jaKjHbh?hl=en-US&amp;gl=US&amp;ceid=US%3Aen\" data-wpel-link=\"external\" target=\"_blank\" rel=\"nofollow external noopener noreferrer\" class=\"ext-link\">&#13;<br \/>\n                    <img loading=\"lazy\" decoding=\"async\" class=\"aligncenter size-full wp-image-575475\" src=\"https:\/\/www.europesays.com\/pt\/wp-content\/uploads\/2025\/11\/5123dd8b087b644fdb8f8603acd1bad4.png\" alt=\"Siga-nos no Google News\" width=\"176\" height=\"64\"\/>&#13;<br \/>\n                <\/a><\/p>\n","protected":false},"excerpt":{"rendered":"Ellen Grav \/ Universidade Norueguesa de Ci\u00eancia e Tecnologia Na cultura crist\u00e3, as conchas estavam associadas \u00e0s peregrina\u00e7\u00e3o&hellip;\n","protected":false},"author":2,"featured_media":163622,"comment_status":"","ping_status":"","sticky":false,"template":"","format":"standard","meta":{"footnotes":""},"categories":[50],"tags":[3504,27,28,15,16,14,25,26,21,22,62,12,13,19,20,23,24,17,18,29,30,31,63,64,65],"class_list":{"0":"post-163621","1":"post","2":"type-post","3":"status-publish","4":"format-standard","5":"has-post-thumbnail","7":"category-mundo","8":"tag-arqueologia","9":"tag-breaking-news","10":"tag-breakingnews","11":"tag-featured-news","12":"tag-featurednews","13":"tag-headlines","14":"tag-latest-news","15":"tag-latestnews","16":"tag-main-news","17":"tag-mainnews","18":"tag-mundo","19":"tag-news","20":"tag-noticias","21":"tag-noticias-principais","22":"tag-noticiasprincipais","23":"tag-principais-noticias","24":"tag-principaisnoticias","25":"tag-top-stories","26":"tag-topstories","27":"tag-ultimas","28":"tag-ultimas-noticias","29":"tag-ultimasnoticias","30":"tag-world","31":"tag-world-news","32":"tag-worldnews"},"share_on_mastodon":{"url":"https:\/\/pubeurope.com\/@pt\/115605610476335433","error":""},"_links":{"self":[{"href":"https:\/\/www.europesays.com\/pt\/wp-json\/wp\/v2\/posts\/163621","targetHints":{"allow":["GET"]}}],"collection":[{"href":"https:\/\/www.europesays.com\/pt\/wp-json\/wp\/v2\/posts"}],"about":[{"href":"https:\/\/www.europesays.com\/pt\/wp-json\/wp\/v2\/types\/post"}],"author":[{"embeddable":true,"href":"https:\/\/www.europesays.com\/pt\/wp-json\/wp\/v2\/users\/2"}],"replies":[{"embeddable":true,"href":"https:\/\/www.europesays.com\/pt\/wp-json\/wp\/v2\/comments?post=163621"}],"version-history":[{"count":0,"href":"https:\/\/www.europesays.com\/pt\/wp-json\/wp\/v2\/posts\/163621\/revisions"}],"wp:featuredmedia":[{"embeddable":true,"href":"https:\/\/www.europesays.com\/pt\/wp-json\/wp\/v2\/media\/163622"}],"wp:attachment":[{"href":"https:\/\/www.europesays.com\/pt\/wp-json\/wp\/v2\/media?parent=163621"}],"wp:term":[{"taxonomy":"category","embeddable":true,"href":"https:\/\/www.europesays.com\/pt\/wp-json\/wp\/v2\/categories?post=163621"},{"taxonomy":"post_tag","embeddable":true,"href":"https:\/\/www.europesays.com\/pt\/wp-json\/wp\/v2\/tags?post=163621"}],"curies":[{"name":"wp","href":"https:\/\/api.w.org\/{rel}","templated":true}]}}