{"id":163623,"date":"2025-11-24T16:26:12","date_gmt":"2025-11-24T16:26:12","guid":{"rendered":"https:\/\/www.europesays.com\/pt\/163623\/"},"modified":"2025-11-24T16:26:12","modified_gmt":"2025-11-24T16:26:12","slug":"campanha-de-mendes-exige-que-cotrim-revele-quem-o-pressionou-observador","status":"publish","type":"post","link":"https:\/\/www.europesays.com\/pt\/163623\/","title":{"rendered":"Campanha de Mendes exige que Cotrim revele quem o pressionou \u2013 Observador"},"content":{"rendered":"<p>Uma quest\u00e3o de mostrar \u201ccar\u00e1ter\u201d e \u201cde seriedade\u201d. \u00c9 assim que a candidatura de Lu\u00eds Marques Mendes exige que Jo\u00e3o Cotrim Figueiredo revele, afinal, de onde surgiram as press\u00f5es para desistir da corrida, e que alegou terem vindo do lado de Mendes. Com o candidato liberal a dar o caso por encerrado, o diretor de campanha de Mendes, Duarte Marques, recusa faz\u00ea-lo e insiste: \u201cCotrim tem de dizer quem o pressionou, quando e onde. N\u00e3o se levanta uma suspeita destas sem concretiz\u00e1-la. E quem n\u00e3o se sente n\u00e3o \u00e9 filho de boa gente\u201d.<\/p>\n<p>Em declara\u00e7\u00f5es ao Observador, o diretor da campanha do antigo l\u00edder do PSD considera que este \u00e9 um assunto \u201cmuito s\u00e9rio\u201d, mostrando-se \u201cdesiludido\u201d, \u201csurpreendido\u201d e at\u00e9 \u201cmagoado\u201d com a atitude de Cotrim, que n\u00e3o especificou quem seriam os autores das press\u00f5es a que aludiu numa entrevista ao Expresso.<\/p>\n<p>\u201cAcho que h\u00e1 algum deslumbramento e tamb\u00e9m alguma arrog\u00e2ncia. E sobretudo chateia-me,\u00a0desilude-me, mas sobretudo revela que \u00e0s vezes aqueles que mais pugnam por modernizar a pol\u00edtica, por trazer novos valores \u00e0 pol\u00edtica e por fazer diferente, \u00e0 primeira oportunidade caem logo no erro de fazer aquilo que mais afasta as pessoas da pol\u00edtica, a prevaricar e a usar os truques do passado que mais afastam as pessoas\u201d, argumenta o social democrata.<\/p>\n<p>A troca de acusa\u00e7\u00f5es serve tamb\u00e9m a Marques para falar de alguns dos valores que a campanha tem associado a Mendes e ao seu perfil: \u201cPara n\u00f3s, esta \u00e9 uma quest\u00e3o de car\u00e1ter. Lu\u00eds Marques Mendes \u00e9 uma pessoa de car\u00e1ter que faz pol\u00edtica pela positiva e um tema destes \u00e9 um tema que magoa, e portanto, como pessoas de bem, exigimos que o Cotrim Figueiredo explique e esclare\u00e7a aos portugueses \u2014 esse sim \u00e9 um ato de coragem\u201d.<\/p>\n<p>At\u00e9 porque, insiste o diretor de campanha, se algu\u00e9m fez de facto essas press\u00f5es junto do liberal era algu\u00e9m que \u201cn\u00e3o estava mandatado para isso, n\u00e3o foi em nome de Marques Mendes\u201d, e at\u00e9 por isso quer que o assunto fique resolvido. \u201cQuando as insinua\u00e7\u00f5es n\u00e3o s\u00e3o concretizadas n\u00e3o passam de insinua\u00e7\u00f5es e s\u00e3o um ato de cobardia, que em pol\u00edtica \u00e9 muito feio. Esper\u00e1vamos mais, temos em boa conta as pessoas que est\u00e3o envolvidas\u201d.<\/p>\n<p>Da\u00ed que, para esta candidatura, s\u00f3 haja duas sa\u00eddas: responder com \u201ctotal transpar\u00eancia\u201d ou \u201cpedir desculpa\u201d. Mas Duarte Marques d\u00e1 ainda mais um passo no racioc\u00ednio: um golpe \u201ct\u00e3o baixo\u201d numa campanha que tem sido \u201cdigna\u201d enquadra-se na constata\u00e7\u00e3o que faz de que Cotrim tem protagonizado \u201d alguma aproxima\u00e7\u00e3o a algumas t\u00e9cnicas, a algum discurso, a algumas posi\u00e7\u00f5es mais t\u00edpicas, por exemplo, de Andr\u00e9 Ventura e do Chega\u201d. Possivelmente por uma tentativa de competi\u00e7\u00e3o eleitoral entre o eleitorado dos dois candidatos, admite.<\/p>\n<p>Marques Mendes j\u00e1 tinha reagido \u00e0 acusa\u00e7\u00e3o de Cotrim considerando que o \u201cdesespero\u201d e os \u201cataques pessoais\u201d de outros candidatos, nomeadamente o liberal, surgem agora porque est\u00e1 a crescer nas sondagens. J\u00e1 o liberal veio dizer que o objetivo de denunciar essas press\u00f5es foi que \u201cparassem e isso funcionou\u201d: \u201cPortanto, para mim esse assunto est\u00e1 encerrado. Deixou de haver press\u00f5es porque perceberam que esta candidatura \u00e9 para ir at\u00e9 ao fim, porque tem o seu espa\u00e7o pr\u00f3prio, n\u00e3o est\u00e1 ref\u00e9m de mais nenhuma estrat\u00e9gia ou candidatura\u201d, disse durante o fim de semana.<\/p>\n","protected":false},"excerpt":{"rendered":"Uma quest\u00e3o de mostrar \u201ccar\u00e1ter\u201d e \u201cde seriedade\u201d. \u00c9 assim que a candidatura de Lu\u00eds Marques Mendes exige&hellip;\n","protected":false},"author":2,"featured_media":163624,"comment_status":"","ping_status":"","sticky":false,"template":"","format":"standard","meta":{"footnotes":""},"categories":[10],"tags":[27,28,1077,15,16,14,25,26,21,22,12,13,19,20,302,32,1076,23,24,33,17,18,29,30,31],"class_list":{"0":"post-163623","1":"post","2":"type-post","3":"status-publish","4":"format-standard","5":"has-post-thumbnail","7":"category-portugal","8":"tag-breaking-news","9":"tag-breakingnews","10":"tag-eleiu00e7u00f5es","11":"tag-featured-news","12":"tag-featurednews","13":"tag-headlines","14":"tag-latest-news","15":"tag-latestnews","16":"tag-main-news","17":"tag-mainnews","18":"tag-news","19":"tag-noticias","20":"tag-noticias-principais","21":"tag-noticiasprincipais","22":"tag-polu00edtica","23":"tag-portugal","24":"tag-presidenciais-2026","25":"tag-principais-noticias","26":"tag-principaisnoticias","27":"tag-pt","28":"tag-top-stories","29":"tag-topstories","30":"tag-ultimas","31":"tag-ultimas-noticias","32":"tag-ultimasnoticias"},"share_on_mastodon":{"url":"https:\/\/pubeurope.com\/@pt\/115605614231270334","error":""},"_links":{"self":[{"href":"https:\/\/www.europesays.com\/pt\/wp-json\/wp\/v2\/posts\/163623","targetHints":{"allow":["GET"]}}],"collection":[{"href":"https:\/\/www.europesays.com\/pt\/wp-json\/wp\/v2\/posts"}],"about":[{"href":"https:\/\/www.europesays.com\/pt\/wp-json\/wp\/v2\/types\/post"}],"author":[{"embeddable":true,"href":"https:\/\/www.europesays.com\/pt\/wp-json\/wp\/v2\/users\/2"}],"replies":[{"embeddable":true,"href":"https:\/\/www.europesays.com\/pt\/wp-json\/wp\/v2\/comments?post=163623"}],"version-history":[{"count":0,"href":"https:\/\/www.europesays.com\/pt\/wp-json\/wp\/v2\/posts\/163623\/revisions"}],"wp:featuredmedia":[{"embeddable":true,"href":"https:\/\/www.europesays.com\/pt\/wp-json\/wp\/v2\/media\/163624"}],"wp:attachment":[{"href":"https:\/\/www.europesays.com\/pt\/wp-json\/wp\/v2\/media?parent=163623"}],"wp:term":[{"taxonomy":"category","embeddable":true,"href":"https:\/\/www.europesays.com\/pt\/wp-json\/wp\/v2\/categories?post=163623"},{"taxonomy":"post_tag","embeddable":true,"href":"https:\/\/www.europesays.com\/pt\/wp-json\/wp\/v2\/tags?post=163623"}],"curies":[{"name":"wp","href":"https:\/\/api.w.org\/{rel}","templated":true}]}}