{"id":163627,"date":"2025-11-24T16:30:08","date_gmt":"2025-11-24T16:30:08","guid":{"rendered":"https:\/\/www.europesays.com\/pt\/163627\/"},"modified":"2025-11-24T16:30:08","modified_gmt":"2025-11-24T16:30:08","slug":"desenho-de-miguel-angelo-para-a-capela-sistina-foi-descoberto-e-vai-a-leilao","status":"publish","type":"post","link":"https:\/\/www.europesays.com\/pt\/163627\/","title":{"rendered":"Desenho de Miguel \u00c2ngelo para a Capela Sistina foi descoberto e vai a leil\u00e3o"},"content":{"rendered":"<p>Uma especialista do departamento de Desenhos de Mestres Antigos da Christie&#8217;s, Giada Damen, identificou um estudo original do pintor italiano renascentista Miguel \u00c2ngelo (1475-1564) destinado ao teto da Capela Sistina ap\u00f3s receber uma fotografia enviada por um propriet\u00e1rio an\u00f3nimo para o portal de pedidos de avalia\u00e7\u00e3o, revelou hoje a leiloeira em comunicado.<\/p>\n<p>O desenho, realizado a giz vermelho, \u00e9 um estudo para o p\u00e9 direito da Sibilia L\u00edbia, figura situada na extremidade oriental do teto da Capela Sistina.<\/p>\n<p>Segundo a Christie&#8217;s, este estudo rec\u00e9m-identificado \u00e9 o primeiro desenho n\u00e3o registado para o teto da Capela Sistina a chegar a leil\u00e3o e um dos cerca de dez desenhos de Miguel \u00c2ngelo que permanecem em m\u00e3os privadas.<\/p>\n<p>Dos aproximadamente 600 desenhos do artista que sobreviveram, apenas cerca de 50 se relacionam com a Capela Sistina.<\/p>\n<p>A obra ser\u00e1 apresentada no leil\u00e3o de Desenhos de Mestres Antigos da Christie&#8217;s, em Nova Iorque, no dia 05 de fevereiro de 2026, com uma estimativa entre 1,5 e dois milh\u00f5es de d\u00f3lares.<\/p>\n<p>Antes disso, estar\u00e1 em exibi\u00e7\u00e3o p\u00fablica nas galerias da leiloeira em Nova Iorque, em fevereiro, e na sede de Londres, entre 27 de novembro e 02 de dezembro de 2025.<\/p>\n<p>A descoberta ocorreu quando o propriet\u00e1rio, residente na costa oeste dos Estados Unidos, enviou fotografias do desenho herdado da av\u00f3.<\/p>\n<p>Giada Damen deslocou-se para o examinar, levou-o depois para Nova Iorque e iniciou seis meses de investiga\u00e7\u00e3o, que inclu\u00edram uma refletografia de infravermelhos que revelou desenhos no verso da folha.<\/p>\n<p>Estes desenhos, que n\u00e3o estavam vis\u00edveis por a folha estar colada a outro suporte, revelaram-se compat\u00edveis com trabalhos de um artista italiano do s\u00e9culo XVI pr\u00f3ximo de Miguel \u00c2ngelo.<\/p>\n<p>Posteriormente, Giada Damen identificou semelhan\u00e7as com um desenho do Metropolitan Museum of Art e verificou que uma c\u00f3pia existente nas galerias Uffizi inclu\u00eda o mesmo estudo do p\u00e9.<\/p>\n<p>A compara\u00e7\u00e3o direta com o desenho do Metropolitan Museum confirmou que ambos os estudos foram executados pela mesma m\u00e3o e no mesmo momento.<\/p>\n<p>A obra apresenta ainda uma inscri\u00e7\u00e3o em tinta castanha &#8212; &#8220;Michelangelo Bona Roti&#8221; &#8211; igual \u00e0 presente em v\u00e1rios desenhos do artista, permitindo tra\u00e7ar a sua passagem desde o c\u00edrculo de Miguel \u00c2ngelo no s\u00e9culo XVI at\u00e9 uma cole\u00e7\u00e3o italiana do s\u00e9culo XVII.<\/p>\n<p>No s\u00e9culo XVIII, integrou a cole\u00e7\u00e3o de Armand Louis de Mestral de Saint-Saphorin e foi posteriormente transmitida at\u00e9 ao atual propriet\u00e1rio.<\/p>\n<p>Giada Damen afirmou que esta descoberta foi &#8220;uma oportunidade \u00fanica&#8221; e agradeceu ao propriet\u00e1rio e aos especialistas internacionais consultados, que confirmaram unanimemente a atribui\u00e7\u00e3o a Miguel \u00c2ngelo.<\/p>\n<p>Leia Tamb\u00e9m: <a href=\"https:\/\/www.noticiasaominuto.com\/fama\/2875674\/as-imagens-do-encontro-do-rei-carlos-iii-com-o-papa-leao-xiv\" target=\"_blank\" rel=\"noopener noreferrer nofollow\">As imagens do encontro do rei Carlos III com o Papa Le\u00e3o XIV<\/a><\/p>\n","protected":false},"excerpt":{"rendered":"Uma especialista do departamento de Desenhos de Mestres Antigos da Christie&#8217;s, Giada Damen, identificou um estudo original do&hellip;\n","protected":false},"author":2,"featured_media":163628,"comment_status":"","ping_status":"","sticky":false,"template":"","format":"standard","meta":{"footnotes":""},"categories":[144],"tags":[207,205,206,203,201,202,204,114,115,32,33],"class_list":{"0":"post-163627","1":"post","2":"type-post","3":"status-publish","4":"format-standard","5":"has-post-thumbnail","7":"category-arte-e-design","8":"tag-arte","9":"tag-arte-e-design","10":"tag-artedesign","11":"tag-arts","12":"tag-arts-and-design","13":"tag-artsanddesign","14":"tag-design","15":"tag-entertainment","16":"tag-entretenimento","17":"tag-portugal","18":"tag-pt"},"share_on_mastodon":{"url":"https:\/\/pubeurope.com\/@pt\/115605630066604974","error":""},"_links":{"self":[{"href":"https:\/\/www.europesays.com\/pt\/wp-json\/wp\/v2\/posts\/163627","targetHints":{"allow":["GET"]}}],"collection":[{"href":"https:\/\/www.europesays.com\/pt\/wp-json\/wp\/v2\/posts"}],"about":[{"href":"https:\/\/www.europesays.com\/pt\/wp-json\/wp\/v2\/types\/post"}],"author":[{"embeddable":true,"href":"https:\/\/www.europesays.com\/pt\/wp-json\/wp\/v2\/users\/2"}],"replies":[{"embeddable":true,"href":"https:\/\/www.europesays.com\/pt\/wp-json\/wp\/v2\/comments?post=163627"}],"version-history":[{"count":0,"href":"https:\/\/www.europesays.com\/pt\/wp-json\/wp\/v2\/posts\/163627\/revisions"}],"wp:featuredmedia":[{"embeddable":true,"href":"https:\/\/www.europesays.com\/pt\/wp-json\/wp\/v2\/media\/163628"}],"wp:attachment":[{"href":"https:\/\/www.europesays.com\/pt\/wp-json\/wp\/v2\/media?parent=163627"}],"wp:term":[{"taxonomy":"category","embeddable":true,"href":"https:\/\/www.europesays.com\/pt\/wp-json\/wp\/v2\/categories?post=163627"},{"taxonomy":"post_tag","embeddable":true,"href":"https:\/\/www.europesays.com\/pt\/wp-json\/wp\/v2\/tags?post=163627"}],"curies":[{"name":"wp","href":"https:\/\/api.w.org\/{rel}","templated":true}]}}