{"id":163638,"date":"2025-11-24T16:38:22","date_gmt":"2025-11-24T16:38:22","guid":{"rendered":"https:\/\/www.europesays.com\/pt\/163638\/"},"modified":"2025-11-24T16:38:22","modified_gmt":"2025-11-24T16:38:22","slug":"my-hero-academia-alls-justice-recebe-novo-trailer","status":"publish","type":"post","link":"https:\/\/www.europesays.com\/pt\/163638\/","title":{"rendered":"My Hero Academia: All\u2019s Justice recebe novo trailer"},"content":{"rendered":"<p>A Bandai Namco apresentou um novo trailer para My Hero Academia: All\u2019s Justice, jogo que a Byking est\u00e1 a produzir com o objetivo de o colocar nas lojas a 6 de fevereiro.<\/p>\n<p>Em My Hero Academia: All\u2019s Justice, vais jogar o \u00faltimo arco desta \u00e9pica hist\u00f3ria, que se tornou num sucesso mang\u00e1 e anime em todo o mundo, na forma de batalhas fren\u00e9ticas 3v3.<\/p>\n<p>Seja com Deku ou qualquer um dos outros her\u00f3is, tamb\u00e9m podes ser um vil\u00e3o, vais participar em combates em v\u00e1rios modos de jogo deste arena fighter 3D. No entanto, este sistema de combate refinado ao longo de v\u00e1rios jogos tamb\u00e9m serve para descobrir uma vers\u00e3o pr\u00f3pria do \u00faltimo arco:<\/p>\n<p><a class=\"button video\" href=\"https:\/\/www.youtube.com\/watch?v=g8hRTaLX62Y\" rel=\"noopener nofollow\" target=\"_blank\">Ver no Youtube<\/a><\/p>\n","protected":false},"excerpt":{"rendered":"A Bandai Namco apresentou um novo trailer para My Hero Academia: All\u2019s Justice, jogo que a Byking est\u00e1&hellip;\n","protected":false},"author":2,"featured_media":163639,"comment_status":"","ping_status":"","sticky":false,"template":"","format":"standard","meta":{"footnotes":""},"categories":[84],"tags":[109,107,108,32,33,105,103,104,106,110],"class_list":{"0":"post-163638","1":"post","2":"type-post","3":"status-publish","4":"format-standard","5":"has-post-thumbnail","7":"category-ciencia-e-tecnologia","8":"tag-ciencia","9":"tag-ciencia-e-tecnologia","10":"tag-cienciaetecnologia","11":"tag-portugal","12":"tag-pt","13":"tag-science","14":"tag-science-and-technology","15":"tag-scienceandtechnology","16":"tag-technology","17":"tag-tecnologia"},"share_on_mastodon":{"url":"https:\/\/pubeurope.com\/@pt\/115605661600454355","error":""},"_links":{"self":[{"href":"https:\/\/www.europesays.com\/pt\/wp-json\/wp\/v2\/posts\/163638","targetHints":{"allow":["GET"]}}],"collection":[{"href":"https:\/\/www.europesays.com\/pt\/wp-json\/wp\/v2\/posts"}],"about":[{"href":"https:\/\/www.europesays.com\/pt\/wp-json\/wp\/v2\/types\/post"}],"author":[{"embeddable":true,"href":"https:\/\/www.europesays.com\/pt\/wp-json\/wp\/v2\/users\/2"}],"replies":[{"embeddable":true,"href":"https:\/\/www.europesays.com\/pt\/wp-json\/wp\/v2\/comments?post=163638"}],"version-history":[{"count":0,"href":"https:\/\/www.europesays.com\/pt\/wp-json\/wp\/v2\/posts\/163638\/revisions"}],"wp:featuredmedia":[{"embeddable":true,"href":"https:\/\/www.europesays.com\/pt\/wp-json\/wp\/v2\/media\/163639"}],"wp:attachment":[{"href":"https:\/\/www.europesays.com\/pt\/wp-json\/wp\/v2\/media?parent=163638"}],"wp:term":[{"taxonomy":"category","embeddable":true,"href":"https:\/\/www.europesays.com\/pt\/wp-json\/wp\/v2\/categories?post=163638"},{"taxonomy":"post_tag","embeddable":true,"href":"https:\/\/www.europesays.com\/pt\/wp-json\/wp\/v2\/tags?post=163638"}],"curies":[{"name":"wp","href":"https:\/\/api.w.org\/{rel}","templated":true}]}}