{"id":163640,"date":"2025-11-24T16:39:19","date_gmt":"2025-11-24T16:39:19","guid":{"rendered":"https:\/\/www.europesays.com\/pt\/163640\/"},"modified":"2025-11-24T16:39:19","modified_gmt":"2025-11-24T16:39:19","slug":"apos-acordo-de-pilotos-e-tripulantes-consorcio-da-newtour-e-ms-aviation-avanca-para-a-privatizacao-da-antiga-sata-internacional","status":"publish","type":"post","link":"https:\/\/www.europesays.com\/pt\/163640\/","title":{"rendered":"Ap\u00f3s acordo de pilotos e tripulantes, cons\u00f3rcio da Newtour e MS Aviation avan\u00e7a para a privatiza\u00e7\u00e3o da antiga SATA Internacional"},"content":{"rendered":"<p style=\"\">Havia uma linha tra\u00e7ada pela Newtour, de Tiago Raiano, e pelos restantes parceiros de cons\u00f3rcio para ir \u00e0 privatiza\u00e7\u00e3o: <strong>s\u00f3 avan\u00e7ariam para a compra de uma participa\u00e7\u00e3o maiorit\u00e1ria da Azores Airlines, antiga SATA Internacional, se tivessem o acordo dos sindicatos dos pilotos e dos tripulantes para mexer nos acordos de empresa. E conseguiram-no na reta final<\/strong>. Agora se tudo correr como previsto, v\u00e3o entregar uma proposta de compra ao j\u00fari esta segunda-feira, sabe o <strong>Expresso.<\/strong> S\u00e3o o \u00fanico candidato a uma privatiza\u00e7\u00e3o que se arrasta h\u00e1 quase tr\u00eas anos.<\/p>\n<p><a href=\"https:\/\/expresso.pt\/subscrever?action=GEN&amp;channel=VID&amp;type=CAP&amp;source=WEB&amp;returnUrl=https:\/\/expresso.pt\/economia\/empresas\/2025-11-24-apos-acordo-de-pilotos-e-tripulantes-consorcio-da-newtour-e-ms-aviation-avanca-para-a-privatizacao-da-antiga-sata-internacional-b9b9bea3&amp;utm_source=expresso&amp;utm_medium=locked_article&amp;locked=true&amp;article_id=db0353f4-5ac2-4505-b254-94d5a8cf9493&amp;author_id=Anabela+Campos&amp;category=Empresas\" target=\"_self\" class=\"\" rel=\"nofollow noopener\">Subscrever<\/a>J\u00e1 \u00e9 Subscritor?Fa\u00e7a login e continue a ler<a href=\"http:\/\/expresso.pt\/codigo?redirectUrl=https:\/\/expresso.pt\/economia\/empresas\/2025-11-24-apos-acordo-de-pilotos-e-tripulantes-consorcio-da-newtour-e-ms-aviation-avanca-para-a-privatizacao-da-antiga-sata-internacional-b9b9bea3\" target=\"_self\" class=\"\" rel=\"nofollow noopener\">Inserir C\u00f3digo<\/a>Comprou o Expresso?Insira o c\u00f3digo presente na Revista E para continuar a ler<\/p>\n","protected":false},"excerpt":{"rendered":"Havia uma linha tra\u00e7ada pela Newtour, de Tiago Raiano, e pelos restantes parceiros de cons\u00f3rcio para ir \u00e0&hellip;\n","protected":false},"author":2,"featured_media":163641,"comment_status":"","ping_status":"","sticky":false,"template":"","format":"standard","meta":{"footnotes":""},"categories":[83],"tags":[88,89,90,32,33],"class_list":{"0":"post-163640","1":"post","2":"type-post","3":"status-publish","4":"format-standard","5":"has-post-thumbnail","7":"category-empresas","8":"tag-business","9":"tag-economy","10":"tag-empresas","11":"tag-portugal","12":"tag-pt"},"share_on_mastodon":{"url":"https:\/\/pubeurope.com\/@pt\/115605665561980656","error":""},"_links":{"self":[{"href":"https:\/\/www.europesays.com\/pt\/wp-json\/wp\/v2\/posts\/163640","targetHints":{"allow":["GET"]}}],"collection":[{"href":"https:\/\/www.europesays.com\/pt\/wp-json\/wp\/v2\/posts"}],"about":[{"href":"https:\/\/www.europesays.com\/pt\/wp-json\/wp\/v2\/types\/post"}],"author":[{"embeddable":true,"href":"https:\/\/www.europesays.com\/pt\/wp-json\/wp\/v2\/users\/2"}],"replies":[{"embeddable":true,"href":"https:\/\/www.europesays.com\/pt\/wp-json\/wp\/v2\/comments?post=163640"}],"version-history":[{"count":0,"href":"https:\/\/www.europesays.com\/pt\/wp-json\/wp\/v2\/posts\/163640\/revisions"}],"wp:featuredmedia":[{"embeddable":true,"href":"https:\/\/www.europesays.com\/pt\/wp-json\/wp\/v2\/media\/163641"}],"wp:attachment":[{"href":"https:\/\/www.europesays.com\/pt\/wp-json\/wp\/v2\/media?parent=163640"}],"wp:term":[{"taxonomy":"category","embeddable":true,"href":"https:\/\/www.europesays.com\/pt\/wp-json\/wp\/v2\/categories?post=163640"},{"taxonomy":"post_tag","embeddable":true,"href":"https:\/\/www.europesays.com\/pt\/wp-json\/wp\/v2\/tags?post=163640"}],"curies":[{"name":"wp","href":"https:\/\/api.w.org\/{rel}","templated":true}]}}