{"id":163642,"date":"2025-11-24T16:40:33","date_gmt":"2025-11-24T16:40:33","guid":{"rendered":"https:\/\/www.europesays.com\/pt\/163642\/"},"modified":"2025-11-24T16:40:33","modified_gmt":"2025-11-24T16:40:33","slug":"meta-tera-ocultado-provas-dos-riscos-das-suas-redes-sociais-para-a-saude-mental-dos-utilizadores","status":"publish","type":"post","link":"https:\/\/www.europesays.com\/pt\/163642\/","title":{"rendered":"Meta ter\u00e1 ocultado provas dos riscos das suas redes sociais para a sa\u00fade mental dos utilizadores"},"content":{"rendered":"<p>A Meta, dona da rede social Facebook, ter\u00e1 <strong>ocultado<\/strong> <strong>provas internas que apontavam para uma rela\u00e7\u00e3o causal entre o uso das suas plataformas e danos na sa\u00fade mental dos utilizadores<\/strong>, sobretudo adolescentes. A revela\u00e7\u00e3o consta de novos documentos judiciais inclu\u00eddos num processo movido por dezenas de agrupamentos escolares norte-americanos, <a href=\"https:\/\/www.reuters.com\/sustainability\/boards-policy-regulation\/meta-buried-causal-evidence-social-media-harm-us-court-filings-allege-2025-11-23\/\" rel=\"nofollow noopener\" target=\"_blank\">escreve a Reuters<\/a>.<\/p>\n<p>O caso ganha peso num momento em que a regula\u00e7\u00e3o das grandes tecnol\u00f3gicas \u00e9 tema central na pol\u00edtica norte-americana. Nos documentos agora divulgados, os queixosos afirmam que a Meta n\u00e3o s\u00f3 ignorou investiga\u00e7\u00f5es internas como ter\u00e1 restringido o acesso a informa\u00e7\u00f5es consideradas sens\u00edveis sobre os riscos das suas plataformas.\u00a0<\/p>\n<p>Um dos estudos citados \u2014 o \u201cProject Mercury\u201d, realizado em 2020 com a Nielsen \u2014 concluiu que <strong>utilizadores que suspenderam o Facebook durante uma semana reportaram n\u00edveis mais baixos de depress\u00e3o, ansiedade, solid\u00e3o e compara\u00e7\u00e3o social<\/strong>.<\/p>\n<p>Perante as conclus\u00f5es desfavor\u00e1veis, a Meta optou por interromper o projeto e desvalorizar internamente os resultados, justificando que estariam influenciados pela \u201cnarrativa medi\u00e1tica\u201d negativa.\u00a0<\/p>\n<p>A Meta declarou ao Congresso que n\u00e3o tinha forma de quantificar impactos das suas plataformas na sa\u00fade mental de adolescentes do sexo feminino. Confrontado agora com as alega\u00e7\u00f5es, o porta-voz Andy Stone afirmou que o estudo foi interrompido devido a \u201cfalhas metodol\u00f3gicas\u201d e assegurou que a empresa tem feito \u201cmudan\u00e7as reais para proteger os adolescentes\u201d.<\/p>\n<p>As acusa\u00e7\u00f5es surgem num processo mais vasto que envolve tamb\u00e9m a Google, o TikTok e o Snapchat.\u00a0<\/p>\n<p>No caso da Meta, os documentos detalham pr\u00e1ticas que os queixosos caracterizam como estruturais: funcionalidades de seguran\u00e7a desenhadas para serem \u201cineficazes\u201d, resist\u00eancia a remover contas associadas a tr\u00e1fico sexual antes de m\u00faltiplas infra\u00e7\u00f5es e a op\u00e7\u00e3o deliberada por algoritmos que aumentariam o envolvimento dos adolescentes mesmo sabendo que ampliavam conte\u00fados prejudiciais.<\/p>\n<p>A Meta rejeita o retrato apresentado no processo, acusando os queixosos de utilizarem \u201ccita\u00e7\u00f5es fora de contexto e opini\u00f5es mal informadas\u201d. A empresa garante que remove contas suspeitas de tr\u00e1fico sexual logo que s\u00e3o sinalizadas e defende que os seus mecanismos de prote\u00e7\u00e3o para jovens s\u00e3o \u201camplamente eficazes\u201d.<\/p>\n<p>O tribunal federal do Distrito Norte da Calif\u00f3rnia decidir\u00e1 a 26 de janeiro se os documentos ser\u00e3o tornados p\u00fablicos.<\/p>\n","protected":false},"excerpt":{"rendered":"A Meta, dona da rede social Facebook, ter\u00e1 ocultado provas internas que apontavam para uma rela\u00e7\u00e3o causal entre&hellip;\n","protected":false},"author":2,"featured_media":163643,"comment_status":"","ping_status":"","sticky":false,"template":"","format":"standard","meta":{"footnotes":""},"categories":[50],"tags":[27,28,15,16,14,25,26,21,22,62,12,13,19,20,23,24,17,18,29,30,31,63,64,65],"class_list":{"0":"post-163642","1":"post","2":"type-post","3":"status-publish","4":"format-standard","5":"has-post-thumbnail","7":"category-mundo","8":"tag-breaking-news","9":"tag-breakingnews","10":"tag-featured-news","11":"tag-featurednews","12":"tag-headlines","13":"tag-latest-news","14":"tag-latestnews","15":"tag-main-news","16":"tag-mainnews","17":"tag-mundo","18":"tag-news","19":"tag-noticias","20":"tag-noticias-principais","21":"tag-noticiasprincipais","22":"tag-principais-noticias","23":"tag-principaisnoticias","24":"tag-top-stories","25":"tag-topstories","26":"tag-ultimas","27":"tag-ultimas-noticias","28":"tag-ultimasnoticias","29":"tag-world","30":"tag-world-news","31":"tag-worldnews"},"share_on_mastodon":{"url":"https:\/\/pubeurope.com\/@pt\/115605669369442089","error":""},"_links":{"self":[{"href":"https:\/\/www.europesays.com\/pt\/wp-json\/wp\/v2\/posts\/163642","targetHints":{"allow":["GET"]}}],"collection":[{"href":"https:\/\/www.europesays.com\/pt\/wp-json\/wp\/v2\/posts"}],"about":[{"href":"https:\/\/www.europesays.com\/pt\/wp-json\/wp\/v2\/types\/post"}],"author":[{"embeddable":true,"href":"https:\/\/www.europesays.com\/pt\/wp-json\/wp\/v2\/users\/2"}],"replies":[{"embeddable":true,"href":"https:\/\/www.europesays.com\/pt\/wp-json\/wp\/v2\/comments?post=163642"}],"version-history":[{"count":0,"href":"https:\/\/www.europesays.com\/pt\/wp-json\/wp\/v2\/posts\/163642\/revisions"}],"wp:featuredmedia":[{"embeddable":true,"href":"https:\/\/www.europesays.com\/pt\/wp-json\/wp\/v2\/media\/163643"}],"wp:attachment":[{"href":"https:\/\/www.europesays.com\/pt\/wp-json\/wp\/v2\/media?parent=163642"}],"wp:term":[{"taxonomy":"category","embeddable":true,"href":"https:\/\/www.europesays.com\/pt\/wp-json\/wp\/v2\/categories?post=163642"},{"taxonomy":"post_tag","embeddable":true,"href":"https:\/\/www.europesays.com\/pt\/wp-json\/wp\/v2\/tags?post=163642"}],"curies":[{"name":"wp","href":"https:\/\/api.w.org\/{rel}","templated":true}]}}