{"id":163644,"date":"2025-11-24T16:46:52","date_gmt":"2025-11-24T16:46:52","guid":{"rendered":"https:\/\/www.europesays.com\/pt\/163644\/"},"modified":"2025-11-24T16:46:52","modified_gmt":"2025-11-24T16:46:52","slug":"sobe-para-quatro-os-detidos-por-roubo-em-ourivesaria-de-ponte-de-lima","status":"publish","type":"post","link":"https:\/\/www.europesays.com\/pt\/163644\/","title":{"rendered":"Sobe para quatro os detidos por roubo em ourivesaria de Ponte de Lima"},"content":{"rendered":"<p>Elevam-se para quatro os detidos pelo assalto frustrado a uma ourivesaria de Ponte de Lima, em 30 de outubro de 2024, tratando-se tr\u00eas colombianos e um porto-riquenho o quarteto j\u00e1 em pris\u00e3o preventiva, mas h\u00e1 ainda um quinto suspeito de integrar o subgrupo da quadrilha internacional de lideran\u00e7a sul-americana, que se suspeita estar fugido algures no estrangeiro.<\/p>\n<p>&#13;<br \/>\n&#13;<br \/>\n&#13;<\/p>\n<p>Os quatro presos preventivos s\u00e3o um casal de colombianos que serviriam como \u201colheiros\u201d da quadrilha sul-americana, dizendo aos respons\u00e1veis pela associa\u00e7\u00e3o criminosa quais as rotinas dos alvos a assaltar, detido pela Pol\u00edcia Judici\u00e1ria de Braga, em 17 de abril de 2025, o jovem que foi baleado, John Anderson Vargas Celis, de 23 anos, al\u00e9m do colombiano detido j\u00e1 esta semana.<\/p>\n<p>Este \u00faltimo detido pela PJ de Braga, Victor Vargas Roa, de 61 anos, teria resid\u00eancia habitual em Espanha, mas suspeita-se que se deslocasse a Portugal com muita frequ\u00eancia, alegadamente para \u201cestudar\u201d os potenciais alvos dos assaltos, que eram n\u00e3o s\u00f3 ourivesarias, como ainda clientes de ag\u00eancias banc\u00e1rias, monitorizados quando levantavam muito dinheiro e depois assaltados.<\/p>\n<p>Em comunicado divulgado j\u00e1 este domingo, a Pol\u00edcia Judici\u00e1ria revela que atrav\u00e9s do Departamento de Investiga\u00e7\u00e3o Criminal de Braga, na continuidade da investiga\u00e7\u00e3o sobre um furto praticado no interior de uma ourivesaria, em Ponte de Lima, deteve ao todo quatro suspeitos por furtos qualificados, associa\u00e7\u00e3o criminosa e falsifica\u00e7\u00e3o de documentos, um dos quais esta semana.<\/p>\n<p>\u201cNo decorrer da investiga\u00e7\u00e3o foi poss\u00edvel recolher informa\u00e7\u00e3o da exist\u00eancia de uma rede criminosa organizada e transnacional, constitu\u00edda por cidad\u00e3os estrangeiros e estabelecida em territ\u00f3rio espanhol, cujos membros, de forma profissional e gozando de grande mobilidade, a coberto de documentos de identifica\u00e7\u00e3o falsos, faziam deslocar-se por diversos pa\u00edses europeus, para praticarem il\u00edcitos de natureza patrimonial\u201d, segundo o comunicado emitido hoje pela Dire\u00e7\u00e3o Nacional da Pol\u00edcia Judici\u00e1ria.<\/p>\n<p>\u201cO modus operandi em Portugal assentava na angaria\u00e7\u00e3o de viaturas e a propositada e r\u00e1pida desloca\u00e7\u00e3o por territ\u00f3rio nacional, com recolha de informa\u00e7\u00e3o e vigil\u00e2ncias realizadas por diversos membros da rede, com fun\u00e7\u00f5es definidas entre si, identificando estabelecimentos de venda de metais preciosos e sinalizando pessoas que se deslocassem a institui\u00e7\u00f5es banc\u00e1rias\u201d, refere a PJ.<\/p>\n<p>\u201cForam, assim, sinalizadas, em 2024, diversas ocorr\u00eancias criminais decorridas na zona norte de Portugal, que passavam pelo acesso de membros da rede criminosa ao interior das pr\u00f3prias depend\u00eancias banc\u00e1rias, em que os suspeitos, de forma discreta, procediam sempre \u00e0 monitoriza\u00e7\u00e3o das opera\u00e7\u00f5es realizadas pelos clientes e uma vez assinalados como tendo recolhido somas avultadas de dinheiro, eram sujeitos a vigil\u00e2ncias e a seguimentos\u201d, sendo que \u201cdepois, as v\u00edtimas, os clientes das institui\u00e7\u00f5es banc\u00e1rias, eram abordadas pelos criminosos que, mediante distra\u00e7\u00e3o, furtavam-lhes o dinheiro antes levantado\u201d, segundo a PJ.<\/p>\n<p>O modus operandi nas ourivesarias<\/p>\n<p>Quanto ao modus operandi dos crimes praticados nas ourivesarias, no Norte de Portugal, mas mais especialmente na regi\u00e3o do Minho, a Pol\u00edcia Judici\u00e1ria refere que \u201cde igual modo, noutras situa\u00e7\u00f5es, no interior das ourivesarias e agindo como clientes leg\u00edtimos, distra\u00edam os colaboradores, apropriavam-se de objetos de valor e colocavam-se em fuga\u201d, conforme salientou a PJ.\u00a0<\/p>\n<p>\u201cDa investiga\u00e7\u00e3o realizada, com a colabora\u00e7\u00e3o das suas cong\u00e9neres espanholas, Guardia Civil e Pol\u00edcia Nacional, foi poss\u00edvel proceder-se \u00e0 identifica\u00e7\u00e3o de diversos suspeitos que constitu\u00edam a rede criminosa\u201d, ainda segundo refere a Pol\u00edcia Judici\u00e1ria.<\/p>\n<p>\u201cJ\u00e1 em 2025, quer em Portugal, quer no Reino de Espanha, foi dado cumprimento a diversos mandados de deten\u00e7\u00e3o europeu, que visaram uma parte dos elementos do grupo criminoso, pelo que foram detidos mais quatro suspeitos e identificado um quinto\u201d, informa tamb\u00e9m a PJ, segundo a qual \u201cap\u00f3s a extradi\u00e7\u00e3o de tr\u00eas elementos, encontram-se em pris\u00e3o preventiva quatro homens e uma mulher, todos estrangeiros, prosseguindo, entretanto, ainda, mais investiga\u00e7\u00f5es criminais\u201d da Pol\u00edcia Judici\u00e1ria.<\/p>\n","protected":false},"excerpt":{"rendered":"Elevam-se para quatro os detidos pelo assalto frustrado a uma ourivesaria de Ponte de Lima, em 30 de&hellip;\n","protected":false},"author":2,"featured_media":163645,"comment_status":"","ping_status":"","sticky":false,"template":"","format":"standard","meta":{"footnotes":""},"categories":[10],"tags":[27,28,15,16,14,25,26,21,22,12,13,19,20,32,23,24,33,17,18,29,30,31],"class_list":{"0":"post-163644","1":"post","2":"type-post","3":"status-publish","4":"format-standard","5":"has-post-thumbnail","7":"category-portugal","8":"tag-breaking-news","9":"tag-breakingnews","10":"tag-featured-news","11":"tag-featurednews","12":"tag-headlines","13":"tag-latest-news","14":"tag-latestnews","15":"tag-main-news","16":"tag-mainnews","17":"tag-news","18":"tag-noticias","19":"tag-noticias-principais","20":"tag-noticiasprincipais","21":"tag-portugal","22":"tag-principais-noticias","23":"tag-principaisnoticias","24":"tag-pt","25":"tag-top-stories","26":"tag-topstories","27":"tag-ultimas","28":"tag-ultimas-noticias","29":"tag-ultimasnoticias"},"share_on_mastodon":{"url":"https:\/\/pubeurope.com\/@pt\/115605697029763848","error":""},"_links":{"self":[{"href":"https:\/\/www.europesays.com\/pt\/wp-json\/wp\/v2\/posts\/163644","targetHints":{"allow":["GET"]}}],"collection":[{"href":"https:\/\/www.europesays.com\/pt\/wp-json\/wp\/v2\/posts"}],"about":[{"href":"https:\/\/www.europesays.com\/pt\/wp-json\/wp\/v2\/types\/post"}],"author":[{"embeddable":true,"href":"https:\/\/www.europesays.com\/pt\/wp-json\/wp\/v2\/users\/2"}],"replies":[{"embeddable":true,"href":"https:\/\/www.europesays.com\/pt\/wp-json\/wp\/v2\/comments?post=163644"}],"version-history":[{"count":0,"href":"https:\/\/www.europesays.com\/pt\/wp-json\/wp\/v2\/posts\/163644\/revisions"}],"wp:featuredmedia":[{"embeddable":true,"href":"https:\/\/www.europesays.com\/pt\/wp-json\/wp\/v2\/media\/163645"}],"wp:attachment":[{"href":"https:\/\/www.europesays.com\/pt\/wp-json\/wp\/v2\/media?parent=163644"}],"wp:term":[{"taxonomy":"category","embeddable":true,"href":"https:\/\/www.europesays.com\/pt\/wp-json\/wp\/v2\/categories?post=163644"},{"taxonomy":"post_tag","embeddable":true,"href":"https:\/\/www.europesays.com\/pt\/wp-json\/wp\/v2\/tags?post=163644"}],"curies":[{"name":"wp","href":"https:\/\/api.w.org\/{rel}","templated":true}]}}