{"id":163646,"date":"2025-11-24T16:47:22","date_gmt":"2025-11-24T16:47:22","guid":{"rendered":"https:\/\/www.europesays.com\/pt\/163646\/"},"modified":"2025-11-24T16:47:22","modified_gmt":"2025-11-24T16:47:22","slug":"supremo-tribunal-federal-forma-maioria-e-mantem-prisao-preventiva-de-jair-bolsonaro-brasil","status":"publish","type":"post","link":"https:\/\/www.europesays.com\/pt\/163646\/","title":{"rendered":"Supremo Tribunal Federal forma maioria e mant\u00e9m pris\u00e3o preventiva de Jair Bolsonaro | Brasil"},"content":{"rendered":"<p>O Supremo Tribunal Federal (STF) formou esta segunda-feira maioria para manter a pris\u00e3o preventiva do ex-presidente Jair Bolsonaro,<a href=\"https:\/\/www.publico.pt\/2025\/11\/22\/mundo\/noticia\/policia-prende-preventivamente-jair-bolsonaro-2155616\" rel=\"nofollow noopener\" target=\"_blank\"> detido no s\u00e1bado<\/a> ap\u00f3s tentar romper a pulseira electr\u00f3nica que usava no \u00e2mbito das medidas cautelares impostas pelo tribunal. A decis\u00e3o \u00e9 tomada em sess\u00e3o extraordin\u00e1ria da 1\u00aa Turma do STF, realizada em ambiente virtual, e que decorre at\u00e9 \u00e0s 20h no Brasil (meia-noite em Portugal)<\/p>\n<p><a href=\"https:\/\/www.publico.pt\/jair-bolsonaro\" rel=\"nofollow noopener\" target=\"_blank\">Bolsonaro<\/a> permanece detido numa sala da Superintend\u00eancia da Pol\u00edcia Federal em Bras\u00edlia, onde foi colocado na manh\u00e3 de s\u00e1bado. Encontrava-se, desde 4 de Agosto, em pris\u00e3o domicili\u00e1ria com monitoriza\u00e7\u00e3o electr\u00f3nica, ap\u00f3s sucessivos descumprimentos de medidas cautelares determinadas pelo STF no processo da chamada \u201ctrama golpista\u201d.<\/p>\n<p>A pris\u00e3o preventiva foi decretada por <a href=\"https:\/\/www.publico.pt\/2025\/09\/22\/mundo\/noticia\/alexandre-moraes-forjou-xerife-democracia-brasileira-2147958\" rel=\"nofollow noopener\" target=\"_blank\">Alexandre de Moraes<\/a> &#8211; relator do processo &#8211; depois de a Pol\u00edcia Federal reportar \u201cfactos novos\u201d na madrugada de s\u00e1bado: Bolsonaro tentou <a href=\"https:\/\/www.publico.pt\/2025\/11\/22\/mundo\/noticia\/bolsonaro-tentado-romper-pulseira-electronica-curiosidade-2155663\" rel=\"nofollow noopener\" target=\"_blank\">danificar<\/a> a tornozeleira com um ferro de soldar, horas depois de o filho, o senador Fl\u00e1vio Bolsonaro, convocar uma vig\u00edlia de apoiantes junto ao condom\u00ednio onde o ex-presidente cumpria a pris\u00e3o domicili\u00e1ria.<\/p>\n<p>Cristiano Zanin e C\u00e1rmen L\u00facia tamb\u00e9m acompanharam integralmente o voto de Moraes.<\/p>\n<p>Para Moraes, o epis\u00f3dio revelou um risco \u201cconcreto e iminente\u201d de fuga, agravado pela possibilidade de Bolsonaro procurar abrigo numa embaixada situada a curta dist\u00e2ncia da sua resid\u00eancia. O ministro recordou ainda casos recentes de aliados do ex-presidente que conseguiram sair do pa\u00eds apesar de medidas restritivas &#8211; como <a href=\"https:\/\/www.publico.pt\/2025\/07\/30\/mundo\/noticia\/quase-dois-meses-fugir-brasil-deputada-carla-zambelli-presa-italia-2142239\" rel=\"nofollow noopener\" target=\"_blank\">Carla Zambelli<\/a>, detida em It\u00e1lia, Alexandre Ramagem e <a href=\"https:\/\/www.publico.pt\/2025\/11\/15\/mundo\/noticia\/filho-bolsonaro-vai-julgado-tentativa-obstrucao-justica-brasileira-2154780\" rel=\"nofollow noopener\" target=\"_blank\">Eduardo Bolsonaro<\/a>, actualmente no exterior -, refor\u00e7ando a exist\u00eancia de um \u201cambiente de facilita\u00e7\u00e3o\u201d para evadir a Justi\u00e7a.<\/p>\n<p>Na audi\u00eancia de cust\u00f3dia, realizada no domingo, o ex-presidente admitiu que mexeu na pulseira electr\u00f3nica, mas <a href=\"https:\/\/www.publico.pt\/2025\/11\/23\/mundo\/noticia\/bolsonaro-justifica-tentativa-romper-pulseira-electronica-paranoia-2155706\" rel=\"nofollow noopener\" target=\"_blank\">alegou<\/a> ter tido um \u201csurto\u201d provocado pela combina\u00e7\u00e3o de medicamentos psiqui\u00e1tricos. A defesa afirma que n\u00e3o houve tentativa de fuga e apresentou laudos m\u00e9dicos defendendo a substitui\u00e7\u00e3o da pris\u00e3o por deten\u00e7\u00e3o domicili\u00e1ria humanit\u00e1ria, pedido que Moraes n\u00e3o chegou a analisar por considera-lo prejudicado ap\u00f3s decretar a preventiva.<\/p>\n<p>No seu voto, Moraes sublinhou que Bolsonaro \u201cviolou dolosa e conscientemente\u201d o equipamento de monitoriza\u00e7\u00e3o e que j\u00e1 reiterara o incumprimento de medidas cautelares em meses anteriores, incluindo o uso indirecto de redes sociais apesar da proibi\u00e7\u00e3o.<\/p>\n<p><a href=\"https:\/\/www.publico.pt\/2025\/07\/03\/publico-brasil\/noticia\/flavio-dino-supremo-nao-omitir-chamado-decidir-2138878\" rel=\"nofollow noopener\" target=\"_blank\">Fl\u00e1vio Dino<\/a>, que acompanhou o relator, afirmou que mobiliza\u00e7\u00f5es de apoiantes do ex-presidente configuram um risco de repeti\u00e7\u00e3o de epis\u00f3dios semelhantes aos <a href=\"https:\/\/www.publico.pt\/2023\/01\/08\/mundo\/noticia\/bolsonaristas-invadem-congresso-palacio-planalto-supremo-tribunal-federal-sabe-ate-2034248\" rel=\"nofollow noopener\" target=\"_blank\">ataques<\/a> de 8 de Janeiro de 2023. Para o ministro, a vig\u00edlia convocada pelo senador Fl\u00e1vio Bolsonaro poderia ter provocado confrontos com agentes respons\u00e1veis pela cust\u00f3dia, em zona densamente habitada. Dino referiu, tamb\u00e9m, que o pr\u00f3prio Bolsonaro declarou publicamente que \u201cjamais se submeteria \u00e0 pris\u00e3o\u201d, refor\u00e7ando a necessidade da medida preventiva<\/p>\n<p>A manuten\u00e7\u00e3o da pris\u00e3o preventiva ocorre quando o processo que <a href=\"https:\/\/www.publico.pt\/2025\/09\/12\/mundo\/noticia\/bolsonaro-condenado-vai-ja-preso-defesa-2146941\" rel=\"nofollow noopener\" target=\"_blank\">condenou<\/a> Bolsonaro a 27 anos e tr\u00eas meses de pris\u00e3o &#8211; por tentativa de subvers\u00e3o da ordem constitucional &#8211; entra na fase final de recursos. Os primeiros embargos da declara\u00e7\u00e3o foram rejeitados pela 1\u00aa Turma, e as defesas t\u00eam at\u00e9 ao final desta segunda-feira para apresentar novos embargos. Tamb\u00e9m poder\u00e3o ser apresentados embargos infringentes, mas estes s\u00f3 s\u00e3o verificados quando h\u00e1, pelo menos, dois votos pela absolvi\u00e7\u00e3o &#8211; o que n\u00e3o se verificou.<\/p>\n<p>Ap\u00f3s esgotadas todas as possibilidades recursivas, a decis\u00e3o transitar\u00e1 em julgado e passar\u00e1 a ser executada. Nesse momento, a pris\u00e3o preventiva ser\u00e1 substitu\u00edda pelo cumprimento da pena, em local a ser determinado por Moraes mediante guia de execu\u00e7\u00e3o penal.<\/p>\n","protected":false},"excerpt":{"rendered":"O Supremo Tribunal Federal (STF) formou esta segunda-feira maioria para manter a pris\u00e3o preventiva do ex-presidente Jair Bolsonaro,&hellip;\n","protected":false},"author":2,"featured_media":163647,"comment_status":"","ping_status":"","sticky":false,"template":"","format":"standard","meta":{"footnotes":""},"categories":[8],"tags":[726,27,28,15,16,14,1125,603,25,26,21,22,62,12,13,19,20,32,23,24,33,17,18,29,30,31],"class_list":{"0":"post-163646","1":"post","2":"type-post","3":"status-publish","4":"format-standard","5":"has-post-thumbnail","7":"category-principais-noticias","8":"tag-brasil","9":"tag-breaking-news","10":"tag-breakingnews","11":"tag-featured-news","12":"tag-featurednews","13":"tag-headlines","14":"tag-jair-bolsonaro","15":"tag-justica","16":"tag-latest-news","17":"tag-latestnews","18":"tag-main-news","19":"tag-mainnews","20":"tag-mundo","21":"tag-news","22":"tag-noticias","23":"tag-noticias-principais","24":"tag-noticiasprincipais","25":"tag-portugal","26":"tag-principais-noticias","27":"tag-principaisnoticias","28":"tag-pt","29":"tag-top-stories","30":"tag-topstories","31":"tag-ultimas","32":"tag-ultimas-noticias","33":"tag-ultimasnoticias"},"share_on_mastodon":{"url":"https:\/\/pubeurope.com\/@pt\/115605697121958066","error":""},"_links":{"self":[{"href":"https:\/\/www.europesays.com\/pt\/wp-json\/wp\/v2\/posts\/163646","targetHints":{"allow":["GET"]}}],"collection":[{"href":"https:\/\/www.europesays.com\/pt\/wp-json\/wp\/v2\/posts"}],"about":[{"href":"https:\/\/www.europesays.com\/pt\/wp-json\/wp\/v2\/types\/post"}],"author":[{"embeddable":true,"href":"https:\/\/www.europesays.com\/pt\/wp-json\/wp\/v2\/users\/2"}],"replies":[{"embeddable":true,"href":"https:\/\/www.europesays.com\/pt\/wp-json\/wp\/v2\/comments?post=163646"}],"version-history":[{"count":0,"href":"https:\/\/www.europesays.com\/pt\/wp-json\/wp\/v2\/posts\/163646\/revisions"}],"wp:featuredmedia":[{"embeddable":true,"href":"https:\/\/www.europesays.com\/pt\/wp-json\/wp\/v2\/media\/163647"}],"wp:attachment":[{"href":"https:\/\/www.europesays.com\/pt\/wp-json\/wp\/v2\/media?parent=163646"}],"wp:term":[{"taxonomy":"category","embeddable":true,"href":"https:\/\/www.europesays.com\/pt\/wp-json\/wp\/v2\/categories?post=163646"},{"taxonomy":"post_tag","embeddable":true,"href":"https:\/\/www.europesays.com\/pt\/wp-json\/wp\/v2\/tags?post=163646"}],"curies":[{"name":"wp","href":"https:\/\/api.w.org\/{rel}","templated":true}]}}