{"id":163656,"date":"2025-11-24T16:54:10","date_gmt":"2025-11-24T16:54:10","guid":{"rendered":"https:\/\/www.europesays.com\/pt\/163656\/"},"modified":"2025-11-24T16:54:10","modified_gmt":"2025-11-24T16:54:10","slug":"cr7-o-embaixador-da-bonita-democracia-da-arabia-saudita","status":"publish","type":"post","link":"https:\/\/www.europesays.com\/pt\/163656\/","title":{"rendered":"CR7, o embaixador da bonita democracia da Ar\u00e1bia Saudita"},"content":{"rendered":"<p>1<\/p>\n<p data-remotead-prev-elm=\"true\" data-remotead-elm-id=\"inread\">Cristiano Ronaldo foi conhecer o seu \u00eddolo, Donald Trump, \u00e0 Casa Branca. H\u00e1 quem tenha ficado chocado, mas h\u00e1 que lembrar que Ronaldo \u00e9 um homem de neg\u00f3cios e tem um imp\u00e9rio de cl\u00ednicas para meter cabelo. E Trump j\u00e1 precisa ali de uns bons agrafos para manter o look.<\/p>\n<p>2<\/p>\n<p>Apesar de Roberto Mart\u00ednez dizer que CR7 foi representar Portugal, o jogador do Al-Nassr integrou a comitiva da Ar\u00e1bia Saudita. Mas que o selecionador n\u00e3o compreenda o que fazem ao certo os jogadores s\u00f3 \u00e9 estranho para quem n\u00e3o nos v\u00ea jogar.<\/p>\n<p>3<\/p>\n<p>No fundo, Cristiano foi como embaixador dessa bonita e florescente democracia que \u00e9 a Ar\u00e1bia Saudita. Tendo em conta a quantidade de pessoas com carreira diplom\u00e1tica que foram parar ao Chega, eu come\u00e7ava j\u00e1 a ter medo das presidenciais de 2036.<\/p>\n<p>4<\/p>\n<p data-remotead-prev-elm=\"true\" data-remotead-elm-id=\"centro1\">Cristiano acabou a visita com uma selfie, na qual tamb\u00e9m estavam Georgina, Musk e o presidente da FIFA, entre outros. Parecia um congresso internacional de pessoas que nunca leram um livro na vida porque isso \u00e9 perder tempo.<\/p>\n<p>5<\/p>\n<p>Come\u00e7aram os debates presidenciais, mas com uma \u00ednfima parte dos pretendentes. O Portal da Candidatura tem 40 nomes de candidatos a candidatos a presidente. Se tirarmos ali os tr\u00eas mesinhos do ver\u00e3o, pod\u00edamos quase ter um presidente diferente por semana durante um ano.<\/p>\n<p>6<\/p>\n<p>As sondagens d\u00e3o conta de um cen\u00e1rio imprevis\u00edvel, com quatro candidatos com hip\u00f3tese de vencer. Mas isto foi antes de Manuel Jo\u00e3o Vieira, dos Ena P\u00e1 2000, ter ido \u00e0 SIC Not\u00edcias. Se calhar, hoje, a maioria j\u00e1 prefere votar em vinho canalizado, que sempre \u00e9 uma proposta concreta.<\/p>\n<p>7<\/p>\n<p data-remotead-prev-elm=\"true\" data-remotead-elm-id=\"centro2\">Neste fim de semana as temperaturas desceram a pique, com o interior do Norte e Centro a chegar aos -4 \u00b0C. Pior que o Interior do pa\u00eds, s\u00f3 mesmo o interior da casa do portugu\u00eas m\u00e9dio, onde parecem estar sempre menos 5 graus do que na rua.<\/p>\n<p>8<\/p>\n<p>O Governo j\u00e1 n\u00e3o vai obrigar trabalhadores com filhos menores de 12 anos a n\u00e3o poderem recusar noites e fins de semana. Mas este pacote laboral \u00e9 t\u00e3o aterrador que ainda temo a contraproposta &#8220;e se os putos fossem para o trabalho dos pais e j\u00e1 agora bulissem?&#8221;.<\/p>\n","protected":false},"excerpt":{"rendered":"1 Cristiano Ronaldo foi conhecer o seu \u00eddolo, Donald Trump, \u00e0 Casa Branca. H\u00e1 quem tenha ficado chocado,&hellip;\n","protected":false},"author":2,"featured_media":163657,"comment_status":"","ping_status":"","sticky":false,"template":"","format":"standard","meta":{"footnotes":""},"categories":[87],"tags":[1145,5914,667,12502,135,92,7197,32,5215,33,134],"class_list":{"0":"post-163656","1":"post","2":"type-post","3":"status-publish","4":"format-standard","5":"has-post-thumbnail","7":"category-desporto","8":"tag-arabia-saudita","9":"tag-casa-branca","10":"tag-cristiano-ronaldo","11":"tag-cronicas","12":"tag-desporto","13":"tag-donald-trump","14":"tag-lei-laboral","15":"tag-portugal","16":"tag-presidenciais","17":"tag-pt","18":"tag-sports"},"share_on_mastodon":{"url":"https:\/\/pubeurope.com\/@pt\/115605725482181658","error":""},"_links":{"self":[{"href":"https:\/\/www.europesays.com\/pt\/wp-json\/wp\/v2\/posts\/163656","targetHints":{"allow":["GET"]}}],"collection":[{"href":"https:\/\/www.europesays.com\/pt\/wp-json\/wp\/v2\/posts"}],"about":[{"href":"https:\/\/www.europesays.com\/pt\/wp-json\/wp\/v2\/types\/post"}],"author":[{"embeddable":true,"href":"https:\/\/www.europesays.com\/pt\/wp-json\/wp\/v2\/users\/2"}],"replies":[{"embeddable":true,"href":"https:\/\/www.europesays.com\/pt\/wp-json\/wp\/v2\/comments?post=163656"}],"version-history":[{"count":0,"href":"https:\/\/www.europesays.com\/pt\/wp-json\/wp\/v2\/posts\/163656\/revisions"}],"wp:featuredmedia":[{"embeddable":true,"href":"https:\/\/www.europesays.com\/pt\/wp-json\/wp\/v2\/media\/163657"}],"wp:attachment":[{"href":"https:\/\/www.europesays.com\/pt\/wp-json\/wp\/v2\/media?parent=163656"}],"wp:term":[{"taxonomy":"category","embeddable":true,"href":"https:\/\/www.europesays.com\/pt\/wp-json\/wp\/v2\/categories?post=163656"},{"taxonomy":"post_tag","embeddable":true,"href":"https:\/\/www.europesays.com\/pt\/wp-json\/wp\/v2\/tags?post=163656"}],"curies":[{"name":"wp","href":"https:\/\/api.w.org\/{rel}","templated":true}]}}