{"id":163660,"date":"2025-11-24T16:56:29","date_gmt":"2025-11-24T16:56:29","guid":{"rendered":"https:\/\/www.europesays.com\/pt\/163660\/"},"modified":"2025-11-24T16:56:29","modified_gmt":"2025-11-24T16:56:29","slug":"estes-signos-sao-os-que-tem-maior-probabilidade-de-terem-um-aumento-de-salario-este-mes-human-resources","status":"publish","type":"post","link":"https:\/\/www.europesays.com\/pt\/163660\/","title":{"rendered":"Estes signos s\u00e3o os que t\u00eam maior probabilidade de terem um aumento de sal\u00e1rio este m\u00eas \u2013 Human Resources"},"content":{"rendered":"<p><strong>Receber um aumento \u00e9 uma ambi\u00e7\u00e3o de quase todos os colaboradores. A pensar nisto, quisemos saber junto do Copilot, quais os signos com mais maior probabilidade de terem um aumento de sal\u00e1rio este m\u00eas.<\/strong><\/p>\n<p>Eis o que respondeu:<\/p>\n<p><strong>Capric\u00f3rnio<\/strong><br \/>Destaca-se pela disciplina e persist\u00eancia, que tendem a ser recompensadas em avalia\u00e7\u00f5es de fim de ano.<\/p>\n<p>\u00a0<\/p>\n<p><strong>Carneiro<\/strong><br \/>Beneficia da sua energia e dinamismo, que podem abrir portas para aumentos salariais.<\/p>\n<p>\u00a0<\/p>\n<p><strong>Caranguejo<\/strong><br \/>Pela dedica\u00e7\u00e3o e sensibilidade no trabalho, encontra boas condi\u00e7\u00f5es para negociar melhorias salariais.<\/p>\n","protected":false},"excerpt":{"rendered":"Receber um aumento \u00e9 uma ambi\u00e7\u00e3o de quase todos os colaboradores. A pensar nisto, quisemos saber junto do&hellip;\n","protected":false},"author":2,"featured_media":52002,"comment_status":"","ping_status":"","sticky":false,"template":"","format":"standard","meta":{"footnotes":""},"categories":[85],"tags":[22133,114,115,619,32,33],"class_list":{"0":"post-163660","1":"post","2":"type-post","3":"status-publish","4":"format-standard","5":"has-post-thumbnail","7":"category-entretenimento","8":"tag-aumento-salarial","9":"tag-entertainment","10":"tag-entretenimento","11":"tag-nacional","12":"tag-portugal","13":"tag-pt"},"share_on_mastodon":{"url":"https:\/\/pubeurope.com\/@pt\/115605733129356069","error":""},"_links":{"self":[{"href":"https:\/\/www.europesays.com\/pt\/wp-json\/wp\/v2\/posts\/163660","targetHints":{"allow":["GET"]}}],"collection":[{"href":"https:\/\/www.europesays.com\/pt\/wp-json\/wp\/v2\/posts"}],"about":[{"href":"https:\/\/www.europesays.com\/pt\/wp-json\/wp\/v2\/types\/post"}],"author":[{"embeddable":true,"href":"https:\/\/www.europesays.com\/pt\/wp-json\/wp\/v2\/users\/2"}],"replies":[{"embeddable":true,"href":"https:\/\/www.europesays.com\/pt\/wp-json\/wp\/v2\/comments?post=163660"}],"version-history":[{"count":0,"href":"https:\/\/www.europesays.com\/pt\/wp-json\/wp\/v2\/posts\/163660\/revisions"}],"wp:featuredmedia":[{"embeddable":true,"href":"https:\/\/www.europesays.com\/pt\/wp-json\/wp\/v2\/media\/52002"}],"wp:attachment":[{"href":"https:\/\/www.europesays.com\/pt\/wp-json\/wp\/v2\/media?parent=163660"}],"wp:term":[{"taxonomy":"category","embeddable":true,"href":"https:\/\/www.europesays.com\/pt\/wp-json\/wp\/v2\/categories?post=163660"},{"taxonomy":"post_tag","embeddable":true,"href":"https:\/\/www.europesays.com\/pt\/wp-json\/wp\/v2\/tags?post=163660"}],"curies":[{"name":"wp","href":"https:\/\/api.w.org\/{rel}","templated":true}]}}