{"id":163661,"date":"2025-11-24T16:57:34","date_gmt":"2025-11-24T16:57:34","guid":{"rendered":"https:\/\/www.europesays.com\/pt\/163661\/"},"modified":"2025-11-24T16:57:34","modified_gmt":"2025-11-24T16:57:34","slug":"galaxy-s24-fe-atinge-menor-preco-de-2025-com-cupom-de-r-400","status":"publish","type":"post","link":"https:\/\/www.europesays.com\/pt\/163661\/","title":{"rendered":"Galaxy S24 FE atinge menor pre\u00e7o de 2025 com cupom de R$ 400"},"content":{"rendered":"<p>A semana promocional de <a class=\"lib tg-lib\" href=\"https:\/\/www.oficinadanet.com.br\/ofertas\" rel=\"nofollow noopener\" target=\"_blank\">ofertas<\/a> da <strong>Black Friday<\/strong> finalmente chegou e o <strong>AliExpress<\/strong> n\u00e3o poderia ficar de fora. A plataforma acaba de liberar uma oferta muito boa do <strong>Galaxy S24 FE<\/strong>, que tem seu pre\u00e7o reduzido de R$ 5.499 para incr\u00edveis <strong>R$ 2.138<\/strong>. Esse \u00e9 o menor pre\u00e7o hist\u00f3rico desse smartphone, que ultrapassa os <strong>60% de desconto<\/strong>. Mas como sempre, ofertas como essa duram pouco e o estoque \u00e9 limitado.<\/p>\n<p>Como obter o desconto?<\/p>\n<p>            &#13;<br \/>\n                    &#13;<br \/>\n                        &#13;<br \/>\n                        &#13;<br \/>\n                        &#13;<br \/>\n                        &#13;<br \/>\n                        <img decoding=\"async\" loading=\"lazy\" width=\"330\" height=\"144\" src=\"https:\/\/www.europesays.com\/pt\/wp-content\/uploads\/2025\/11\/s24-fe.jpg\"  alt=\"Galaxy S24 FE\" title=\"Galaxy S24 FE\"\/>&#13;<br \/>\n                    <a class=\"lib tg-lib\" href=\"https:\/\/www.oficinadanet.com.br\/smartphones\/samsung-galaxy-s24\" rel=\"nofollow noopener\" target=\"_blank\">Galaxy S24<\/a> FE&#13;<\/p>\n<p>Para garantir o pre\u00e7o mais baixo do <strong>Galaxy S24 FE<\/strong>, basta adicionar o produto no carrinho de compras e<strong> incluir o cupom AEBRBF13<\/strong> na tela de pagamento. Quem preferir, tamb\u00e9m pode pagar <strong>parcelado <\/strong>no cart\u00e3o. Al\u00e9m disso, note que estamos falando da<strong> loja oficial do Magalu<\/strong> dentro do AliExpress. Portanto, a compra \u00e9 super segura.<\/p>\n<ul class=\"obj-precos\">&#13;<\/p>\n<li class=\"row\">&#13;<br \/>\n                    &#13;<br \/>\n                        R$ 2.138,00&#13;<br \/>\n                        <img decoding=\"async\" loading=\"lazy\" width=\"100\" height=\"35\" class=\"img \" src=\"https:\/\/www.europesays.com\/pt\/wp-content\/uploads\/2025\/11\/1129625509.jpg\" alt=\"Aliexpress\" title=\"Aliexpress\"\/>&#13;<br \/>\n                    &#13;<br \/>\n                    &#13;<br \/>\n                        Samsung Galaxy S24 FE 8GB\/128GB (vendido por Magalu)&#13;<br \/>\n                        Cupom: AEBRBF13&#13;<br \/>\n                        <a class=\"button button-secondary tg-btn-oferta\" href=\"https:\/\/www.oficinadanet.com.br\/go\/sey7sn\" target=\"_blank\" rel=\"nofollow noopener\" role=\"button\">Ver oferta<\/a>&#13;<br \/>\n                        &#13;<br \/>\n                    &#13;\n                <\/li>\n<p>&#13;\n        <\/ul>\n<p><strong>Ofertas em tempo real<\/strong> \ud83d\udd25<\/p>\n<p>N\u00e3o perca nenhuma promo\u00e7\u00e3o! Acompanhe nossos canais:<\/p>\n<p>O que o celular oferece?<\/p>\n<p>O <strong>Galaxy S24 FE<\/strong> \u00e9 feito especialmente para os f\u00e3s da <a class=\"lib tg-lib\" href=\"https:\/\/www.oficinadanet.com.br\/samsung\" rel=\"nofollow noopener\" target=\"_blank\">Samsung<\/a> que querem recursos de ponta pagando menos. Ele vem com um processador <strong>Exynos 2400e<\/strong>, capaz de rodar qualquer aplicativo ou jogo com \u00f3tima performance. A vers\u00e3o em promo\u00e7\u00e3o conta com<strong> 8GB <\/strong>de mem\u00f3ria <a class=\"tg-link-manual\" href=\"https:\/\/www.oficinadanet.com.br\/onresponde\/65111-o-que-e-memoria-ram-celular\" rel=\"nofollow noopener\" target=\"_blank\">RAM<\/a> e <strong>256GB<\/strong> de armazenamento interno. Al\u00e9m disso, o aparelho tem uma constru\u00e7\u00e3o premium refor\u00e7ada com classifica\u00e7\u00e3o <a class=\"tg-link-manual\" href=\"https:\/\/www.oficinadanet.com.br\/tecnologia\/42732-ip-explicando-resistencia-a-agua\" rel=\"nofollow noopener\" target=\"_blank\">IP68<\/a>, que permite o uso dentro d&#8217;\u00e1gua.<\/p>\n<p>A constru\u00e7\u00e3o do aparelho tamb\u00e9m agrada e \u00e9 bem promissora. Aqui, temos um painel<strong> Dynamic AMOLED 2X de 6.7&#8243;<\/strong> com resolu\u00e7\u00e3o <strong>FHD+<\/strong> e taxa de atualiza\u00e7\u00e3o de <strong>120 Hz<\/strong>. Com isso, permite executar qualquer tarefa no dispositivo de forma agrad\u00e1vel, com \u00f3tima fluidez. Ele ainda traz um leitor de digitais por baixo da tela que garante maior seguran\u00e7a.<\/p>\n<p>Para as fotos, o celular usa uma c\u00e2mera traseira principal de <strong>50MP<\/strong>, que consegue registrar v\u00eddeos em <strong>4K<\/strong> a <strong>60 FPS<\/strong>. O modelo tamb\u00e9m conta com uma lente <a class=\"tg-link-manual\" href=\"https:\/\/www.oficinadanet.com.br\/smartphones\/36853-quais-sao-as-lentes-de-celular\" rel=\"nofollow noopener\" target=\"_blank\">telefoto<\/a> de <strong>8MP<\/strong> ideal para capturar pessoas ou paisagens distantes.Al\u00e9m disso, possui atualiza\u00e7\u00e3o garantida para o mais novo <strong>Android 15<\/strong> com a <strong>One UI 7<\/strong>.<\/p>\n<ul>\n<li><b>Prote\u00e7\u00e3o \u00c1gua:<\/b> IP68<\/li>\n<li><b>Sistema:<\/b> One UI 6.1.1 e Android 14<\/li>\n<li><b>Atualiza\u00e7\u00f5es:<\/b> 7 anos (sistema)<\/li>\n<li><b>Processador:<\/b> Exynos 2400e (4nm)<\/li>\n<li><b>Mem\u00f3ria RAM:<\/b> <a href=\"https:\/\/www.oficinadanet.com.br\/smartphones\/buscar?memoria-ram=8gb\" rel=\"nofollow noopener\" target=\"_blank\">8 GB<\/a><\/li>\n<li><b>Armazenamento:<\/b> <a href=\"https:\/\/www.oficinadanet.com.br\/smartphones\/buscar?armazenamento-interno=128-Gb\" rel=\"nofollow noopener\" target=\"_blank\">128 GB<\/a>, <a href=\"https:\/\/www.oficinadanet.com.br\/smartphones\/buscar?armazenamento-interno=256-gb\" rel=\"nofollow noopener\" target=\"_blank\">256 GB<\/a> e <a href=\"https:\/\/www.oficinadanet.com.br\/smartphones\/buscar?armazenamento-interno=512-gb\" rel=\"nofollow noopener\" target=\"_blank\">512 GB<\/a><\/li>\n<li><b>Tela &#8211; Tipo:<\/b> Dynamic AMOLED 2X<\/li>\n<li><b>Tela &#8211; Tamanho:<\/b> 6.7<\/li>\n<li><b>Tela &#8211; Resolu\u00e7\u00e3o:<\/b> 1080 x 2340<\/li>\n<li><b>Tela &#8211; Frequ\u00eancia:<\/b> 120Hz<\/li>\n<li><b>C\u00e2mera principal:<\/b> 50 MP, f\/1.8, (wide), PDAF e OIS  <\/li>\n<li><b>C\u00e2m. Selfie:<\/b> 10 MP, f\/2.4<\/li>\n<li><b>Bateria:<\/b> <a href=\"https:\/\/www.oficinadanet.com.br\/smartphones\/buscar?bateria=4700-mah\" rel=\"nofollow noopener\" target=\"_blank\">4700 mAh<\/a><\/li>\n<li><b>Autonomia (teste bateria):<\/b> 94%<\/li>\n<li><b>Carregador:<\/b> 25W<\/li>\n<li><b>Carrega sem fios?:<\/b> 15W<\/li>\n<p>&#13;\n            <\/ul>\n<p class=\"obj-spec-simples-full\">Samsung Galaxy S24 FE &#8211; <a href=\"https:\/\/www.oficinadanet.com.br\/smartphones\/samsung-galaxy-s24-fe\" rel=\"nofollow noopener\" target=\"_blank\"> Veja aqui a ficha t\u00e9cnica completa<\/a><\/p>\n<p>Vale a pena comprar?<\/p>\n<p>&#13;<br \/>\n            &#13;<br \/>\n                <img decoding=\"async\" width=\"320\" height=\"180\" loading=\"lazy\" alt=\"V\u00eddeo incorporado do YouTube\" class=\"cover\" src=\"https:\/\/www.europesays.com\/pt\/wp-content\/uploads\/2025\/11\/1764003454_73_mqdefault.jpg\"  \/>&#13;<br \/>\n                &#13;<br \/>\n                &#13;\n            <\/p>\n<p>O <strong>Galaxy S24 FE <\/strong>vale muito apena agora. O apaelho se destaca frente aos seus concorrentes por ser um dos \u00fanicos da faixa de pre\u00e7o a oferecer grava\u00e7\u00e3o de v\u00eddeo em <strong>alta qualidade<\/strong>, sem tremidos. O modelo tamb\u00e9m ter\u00e1 uma <strong>vida \u00fatil longa<\/strong>, pois a <a class=\"tg-link-manual\" href=\"https:\/\/www.oficinadanet.com.br\/samsung\" rel=\"nofollow noopener\" target=\"_blank\">Samsung<\/a> garante v\u00e1rias atualiza\u00e7\u00f5es de software. Al\u00e9m disso, consegue executar <strong>qualquer tarefa<\/strong> com seu hardware poderoso.<\/p>\n<p><strong>\u2705 Pr\u00f3s<\/strong><\/p>\n<ul>\n<li>Tela ampla de 6,7&#8243;<\/li>\n<li>Processador Exynos 2400e<\/li>\n<li>C\u00e2mera traseira tripla com sensor principal de 50 MP<\/li>\n<li>Resist\u00eancia \u00e0 \u00e1gua e poeira (<a class=\"tg-link-manual\" href=\"https:\/\/www.oficinadanet.com.br\/tecnologia\/42732-ip-explicando-resistencia-a-agua\" rel=\"nofollow noopener\" target=\"_blank\">IP68<\/a>)<\/li>\n<li>Sete anos de atualiza\u00e7\u00f5es de software e seguran\u00e7a.<\/li>\n<\/ul>\n<p><strong>\u274c Contras<\/strong><\/p>\n<ul>\n<li>N\u00e3o tem suporte para cart\u00e3o microSD<\/li>\n<li>Carregamento de 25W<\/li>\n<li>C\u00e2mera frontal de 10 MP<\/li>\n<\/ul>\n","protected":false},"excerpt":{"rendered":"A semana promocional de ofertas da Black Friday finalmente chegou e o AliExpress n\u00e3o poderia ficar de fora.&hellip;\n","protected":false},"author":2,"featured_media":163662,"comment_status":"","ping_status":"","sticky":false,"template":"","format":"standard","meta":{"footnotes":""},"categories":[84],"tags":[109,107,108,13,2061,32,33,105,103,104,106,110],"class_list":{"0":"post-163661","1":"post","2":"type-post","3":"status-publish","4":"format-standard","5":"has-post-thumbnail","7":"category-ciencia-e-tecnologia","8":"tag-ciencia","9":"tag-ciencia-e-tecnologia","10":"tag-cienciaetecnologia","11":"tag-noticias","12":"tag-ofertas","13":"tag-portugal","14":"tag-pt","15":"tag-science","16":"tag-science-and-technology","17":"tag-scienceandtechnology","18":"tag-technology","19":"tag-tecnologia"},"share_on_mastodon":{"url":"https:\/\/pubeurope.com\/@pt\/115605736484701936","error":""},"_links":{"self":[{"href":"https:\/\/www.europesays.com\/pt\/wp-json\/wp\/v2\/posts\/163661","targetHints":{"allow":["GET"]}}],"collection":[{"href":"https:\/\/www.europesays.com\/pt\/wp-json\/wp\/v2\/posts"}],"about":[{"href":"https:\/\/www.europesays.com\/pt\/wp-json\/wp\/v2\/types\/post"}],"author":[{"embeddable":true,"href":"https:\/\/www.europesays.com\/pt\/wp-json\/wp\/v2\/users\/2"}],"replies":[{"embeddable":true,"href":"https:\/\/www.europesays.com\/pt\/wp-json\/wp\/v2\/comments?post=163661"}],"version-history":[{"count":0,"href":"https:\/\/www.europesays.com\/pt\/wp-json\/wp\/v2\/posts\/163661\/revisions"}],"wp:featuredmedia":[{"embeddable":true,"href":"https:\/\/www.europesays.com\/pt\/wp-json\/wp\/v2\/media\/163662"}],"wp:attachment":[{"href":"https:\/\/www.europesays.com\/pt\/wp-json\/wp\/v2\/media?parent=163661"}],"wp:term":[{"taxonomy":"category","embeddable":true,"href":"https:\/\/www.europesays.com\/pt\/wp-json\/wp\/v2\/categories?post=163661"},{"taxonomy":"post_tag","embeddable":true,"href":"https:\/\/www.europesays.com\/pt\/wp-json\/wp\/v2\/tags?post=163661"}],"curies":[{"name":"wp","href":"https:\/\/api.w.org\/{rel}","templated":true}]}}