{"id":163665,"date":"2025-11-24T17:06:27","date_gmt":"2025-11-24T17:06:27","guid":{"rendered":"https:\/\/www.europesays.com\/pt\/163665\/"},"modified":"2025-11-24T17:06:27","modified_gmt":"2025-11-24T17:06:27","slug":"montenegro-diz-que-ps-tem-saudades-de-pinto-luz-observador","status":"publish","type":"post","link":"https:\/\/www.europesays.com\/pt\/163665\/","title":{"rendered":"Montenegro diz que &#8220;PS tem saudades&#8221; de Pinto Luz \u2013 Observador"},"content":{"rendered":"<p>O primeiro-ministro, Lu\u00eds Montenegro, afirmou este domingo que \u201co PS est\u00e1 com saudades\u201d do ministro Miguel Pinto Luz e que este ir\u00e1 ao Parlamento, \u201ccom todo o gosto, prestar todos os esclarecimento\u201d sobre a TAP.<\/p>\n<p>Os socialistas anunciaram que iam chamar o ministro Pinto Luz ao Parlamento para esclarecer se tem condi\u00e7\u00f5es para tutelar o processo de privatiza\u00e7\u00e3o da TAP e questionar o primeiro-ministro se este membro do seu Governo re\u00fane condi\u00e7\u00f5es para continuar.<\/p>\n<p>Estas duas iniciativas pol\u00edticas foram anunciadas \u00e0 ag\u00eancia Lusa pelo l\u00edder parlamentar do PS, Eurico Brilhante Dias, logo ap\u00f3s ter terminado o per\u00edodo destinado \u00e0 apresenta\u00e7\u00e3o de manifesta\u00e7\u00f5es de interesse por parte dos grupos de avia\u00e7\u00e3o que poder\u00e3o concorrer ao processo de privatiza\u00e7\u00e3o da TAP.<\/p>\n<p>\u201cEu n\u00e3o sei qual \u00e9 a novidade, sinceramente, eu ali\u00e1s nem sei quantas vezes \u00e9 que o ministro Pinto Luz j\u00e1 foi ao Parlamento falar sobre isso, mas se tiver aqui mais uma, vai mais uma. Creio que h\u00e1 10 anos que o Partido Socialista faz esse tipo de declara\u00e7\u00e3o e desde que o engenheiro Pinto Luz \u00e9 ministro das Infraestruturas e Habita\u00e7\u00e3o, j\u00e1 por variad\u00edssimas ocasi\u00f5es foi interpelado, ainda foi h\u00e1 poucas semanas no Parlamento, e tamb\u00e9m sobre esse dossi\u00ea\u201d, reagiu o primeiro-ministro, em Luanda, no \u00e2mbito de uma visita a Angola, antes da Cimeira Uni\u00e3o Europeia-Uni\u00e3o Africana.<\/p>\n<p>\u201cO Partido Socialista j\u00e1 est\u00e1 com saudades do engenheiro Pinto Luz, quer ouvi-lo outra vez, o engenheiro Pinto Luz vai ao parlamento, com certeza, com todo gosto, prestar todos os esclarecimentos sobre o processo de privatiza\u00e7\u00e3o da TAP\u201d, acrescentou Lu\u00eds Montenegro.<\/p>\n","protected":false},"excerpt":{"rendered":"O primeiro-ministro, Lu\u00eds Montenegro, afirmou este domingo que \u201co PS est\u00e1 com saudades\u201d do ministro Miguel Pinto Luz&hellip;\n","protected":false},"author":2,"featured_media":163666,"comment_status":"","ping_status":"","sticky":false,"template":"","format":"standard","meta":{"footnotes":""},"categories":[8],"tags":[27,28,476,90,15,16,14,8624,25,26,21,22,12,13,19,20,302,32,23,24,455,33,1365,17,18,29,30,31],"class_list":{"0":"post-163665","1":"post","2":"type-post","3":"status-publish","4":"format-standard","5":"has-post-thumbnail","7":"category-principais-noticias","8":"tag-breaking-news","9":"tag-breakingnews","10":"tag-economia","11":"tag-empresas","12":"tag-featured-news","13":"tag-featurednews","14":"tag-headlines","15":"tag-infraestruturas","16":"tag-latest-news","17":"tag-latestnews","18":"tag-main-news","19":"tag-mainnews","20":"tag-news","21":"tag-noticias","22":"tag-noticias-principais","23":"tag-noticiasprincipais","24":"tag-polu00edtica","25":"tag-portugal","26":"tag-principais-noticias","27":"tag-principaisnoticias","28":"tag-ps","29":"tag-pt","30":"tag-tap","31":"tag-top-stories","32":"tag-topstories","33":"tag-ultimas","34":"tag-ultimas-noticias","35":"tag-ultimasnoticias"},"share_on_mastodon":{"url":"https:\/\/pubeurope.com\/@pt\/115605771693343033","error":""},"_links":{"self":[{"href":"https:\/\/www.europesays.com\/pt\/wp-json\/wp\/v2\/posts\/163665","targetHints":{"allow":["GET"]}}],"collection":[{"href":"https:\/\/www.europesays.com\/pt\/wp-json\/wp\/v2\/posts"}],"about":[{"href":"https:\/\/www.europesays.com\/pt\/wp-json\/wp\/v2\/types\/post"}],"author":[{"embeddable":true,"href":"https:\/\/www.europesays.com\/pt\/wp-json\/wp\/v2\/users\/2"}],"replies":[{"embeddable":true,"href":"https:\/\/www.europesays.com\/pt\/wp-json\/wp\/v2\/comments?post=163665"}],"version-history":[{"count":0,"href":"https:\/\/www.europesays.com\/pt\/wp-json\/wp\/v2\/posts\/163665\/revisions"}],"wp:featuredmedia":[{"embeddable":true,"href":"https:\/\/www.europesays.com\/pt\/wp-json\/wp\/v2\/media\/163666"}],"wp:attachment":[{"href":"https:\/\/www.europesays.com\/pt\/wp-json\/wp\/v2\/media?parent=163665"}],"wp:term":[{"taxonomy":"category","embeddable":true,"href":"https:\/\/www.europesays.com\/pt\/wp-json\/wp\/v2\/categories?post=163665"},{"taxonomy":"post_tag","embeddable":true,"href":"https:\/\/www.europesays.com\/pt\/wp-json\/wp\/v2\/tags?post=163665"}],"curies":[{"name":"wp","href":"https:\/\/api.w.org\/{rel}","templated":true}]}}