{"id":163677,"date":"2025-11-24T17:14:10","date_gmt":"2025-11-24T17:14:10","guid":{"rendered":"https:\/\/www.europesays.com\/pt\/163677\/"},"modified":"2025-11-24T17:14:10","modified_gmt":"2025-11-24T17:14:10","slug":"5-mudancas-na-dieta-para-combater-a-gordura-no-figado-estadao","status":"publish","type":"post","link":"https:\/\/www.europesays.com\/pt\/163677\/","title":{"rendered":"5 mudan\u00e7as na dieta para combater a gordura no f\u00edgado &#8211; Estad\u00e3o"},"content":{"rendered":"<ol>\n<li><a href=\"https:\/\/news.google.com\/rss\/articles\/CBMioAFBVV95cUxNZW5VdlB2MGRabWhnam5TbElVbDF6VGo4dHVRUkItdVczSUJpOWM2OVk0V1owVEkydmxtbFNGbExvUTd0Y21IRG9YdGZINTRIUjQ4aEE0empGazZjUGNMWFpCT2t6andGSUd1T2VzS3dUNTZRZVFPOFhkQUR5Smk1Tzl4Ym5pbjZiSks2RlZwV043LW42YTB0ZzhOemRBOG9I0gGgAUFVX3lxTE1lblV2UHYwZFptaGdqblNsSVVsMXpUajh0dVFSQi11VzNJQmk5YzY5WTRXWjBUSTJ2bG1sU0ZsTG9RN3RjbUhEb1h0Zkg1NEhSNDhoQTR6akZrNmNQY0xYWkJPa3pqd0ZJR3VPZXNLd1Q1NlFlUU84WGRBRHlKaTVPOXhibmluNmJKSzZGVnBXTjctbjZhMHRnOE56ZEE4b0g?oc=5\" target=\"_blank\" rel=\"nofollow noopener\">5 mudan\u00e7as na dieta para combater a gordura no f\u00edgado<\/a>&nbsp;&nbsp;Estad\u00e3o<\/li>\n<li><a href=\"https:\/\/news.google.com\/rss\/articles\/CBMivgFBVV95cUxNc1cwNlVVMUFac1VNRGY1QVVsUkdRMnRIaXVKS2kwSkZXdExvRUhaQkVMQksydHN2OTJIaDFqZFdIV2l6YW5hR1ZkUndrMkxoaVJIMkZvMG1EQ09DYmhfX1Fkdm9FYW1PeFUyNm1sZmRxVXdZdVNDRHJGSlFuOEZwM0hTSVRSRVJkdDR2ZlpHUUd4YTcteHJFc0JFWktfUXR0aC0ydUV2VWtoTW5Ma1ZiMVF6SWk1WXNJRzhEUzhR?oc=5\" target=\"_blank\" rel=\"nofollow noopener\">Como a gordura no f\u00edgado afeta a sa\u00fade em geral? Hepatologista explica<\/a>&nbsp;&nbsp;Metr\u00f3poles<\/li>\n<li><a href=\"https:\/\/news.google.com\/rss\/articles\/CBMidkFVX3lxTFBsaGF4ZWlQeXdnd0dlV1g0ODh6QlREdVRrU3AyQWEwZlkwdFhMWnhyMVg3Q1NVNzBRbG5pNTB3OWhraEg1ZFpYVW9UdER3amtHR29Jb2t0Nzk4TVhFbHlBVkVDQk04QkgxbXV5TVFUZGo1Qi1JcEE?oc=5\" target=\"_blank\" rel=\"nofollow noopener\">Gordura no f\u00edgado: com reconhecer os sintomas e identificar a doen\u00e7a<\/a>&nbsp;&nbsp;Metr\u00f3poles<\/li>\n<li><a href=\"https:\/\/news.google.com\/rss\/articles\/CBMikwFBVV95cUxQRTkxNFpXbTVvUzFMR0xsZHV3QzZ1NWhsWDZfRTdUZVZRQkVBWnBtQ2VVdUNGbjlWZy11SnA4aEJRUkxTUXFaaWk2Z2s1OUJQYzg0bXlOOGNmTTBuNDNScEZEVlB0VTQwN25KYXA4cFBEQTFvWGVyUmgzTFZxMnU4U2hwRUJna1lsb2hTM19iaWJKUEE?oc=5\" target=\"_blank\" rel=\"nofollow noopener\">VivaBem Obesidade: Os Perigos da Gordura no F\u00edgado<\/a>&nbsp;&nbsp;UOL<\/li>\n<li><a href=\"https:\/\/news.google.com\/rss\/articles\/CBMixAFBVV95cUxOOFdoRDRzY0NvYk9ieGRwVE1odm5XT2lCV1B6TXNLRkdVOFM3YzdxTGs1YUlFakttMnRJY3RXdTRhYzB1NXhJVkg3bVpoZVRiWWlPNnVnOEtxcGx3dGdWSVZfb3ltdGR6S205UTllR09hbjJrQ042aS16RlF0ZkxxS05uSXpmaV84UGJBclZ1QWx0bTBmZE8yaEN1eHlfb0NJWW1PV1EtaXhxYng1Smc4UllxanpsNG1MdWpnVWxyNkJsbkht?oc=5\" target=\"_blank\" rel=\"nofollow noopener\">O exerc\u00edcio f\u00edsico que realmente queima gordura e limpa o f\u00edgado em poucos dias<\/a>&nbsp;&nbsp;Jornal Correio<\/li>\n<\/ol>\n","protected":false},"excerpt":{"rendered":"5 mudan\u00e7as na dieta para combater a gordura no f\u00edgado&nbsp;&nbsp;Estad\u00e3o Como a gordura no f\u00edgado afeta a sa\u00fade&hellip;\n","protected":false},"author":2,"featured_media":163678,"comment_status":"","ping_status":"","sticky":false,"template":"","format":"standard","meta":{"footnotes":""},"categories":[86],"tags":[116,32,33,117],"class_list":{"0":"post-163677","1":"post","2":"type-post","3":"status-publish","4":"format-standard","5":"has-post-thumbnail","7":"category-saude","8":"tag-health","9":"tag-portugal","10":"tag-pt","11":"tag-saude"},"share_on_mastodon":{"url":"https:\/\/pubeurope.com\/@pt\/115605803119288708","error":""},"_links":{"self":[{"href":"https:\/\/www.europesays.com\/pt\/wp-json\/wp\/v2\/posts\/163677","targetHints":{"allow":["GET"]}}],"collection":[{"href":"https:\/\/www.europesays.com\/pt\/wp-json\/wp\/v2\/posts"}],"about":[{"href":"https:\/\/www.europesays.com\/pt\/wp-json\/wp\/v2\/types\/post"}],"author":[{"embeddable":true,"href":"https:\/\/www.europesays.com\/pt\/wp-json\/wp\/v2\/users\/2"}],"replies":[{"embeddable":true,"href":"https:\/\/www.europesays.com\/pt\/wp-json\/wp\/v2\/comments?post=163677"}],"version-history":[{"count":0,"href":"https:\/\/www.europesays.com\/pt\/wp-json\/wp\/v2\/posts\/163677\/revisions"}],"wp:featuredmedia":[{"embeddable":true,"href":"https:\/\/www.europesays.com\/pt\/wp-json\/wp\/v2\/media\/163678"}],"wp:attachment":[{"href":"https:\/\/www.europesays.com\/pt\/wp-json\/wp\/v2\/media?parent=163677"}],"wp:term":[{"taxonomy":"category","embeddable":true,"href":"https:\/\/www.europesays.com\/pt\/wp-json\/wp\/v2\/categories?post=163677"},{"taxonomy":"post_tag","embeddable":true,"href":"https:\/\/www.europesays.com\/pt\/wp-json\/wp\/v2\/tags?post=163677"}],"curies":[{"name":"wp","href":"https:\/\/api.w.org\/{rel}","templated":true}]}}