{"id":163679,"date":"2025-11-24T17:15:18","date_gmt":"2025-11-24T17:15:18","guid":{"rendered":"https:\/\/www.europesays.com\/pt\/163679\/"},"modified":"2025-11-24T17:15:18","modified_gmt":"2025-11-24T17:15:18","slug":"separada-de-francisco-monteiro-barbara-parada-quebra-o-silencio","status":"publish","type":"post","link":"https:\/\/www.europesays.com\/pt\/163679\/","title":{"rendered":"Separada de Francisco Monteiro? B\u00e1rbara Parada quebra o sil\u00eancio!"},"content":{"rendered":"<p>B\u00e1rbara Parada negou estar separada de Francisco Monteiro, atrav\u00e9s da rede social X, depois de, nos \u00faltimos dias,<a href=\"https:\/\/selfie.iol.pt\/famosos\/zaza\/namoro-de-francisco-monteiro-e-barbara-parada-chegou-ao-fim-estes-dois-sinais-indicam-que-sim\/20251119\/691d9accd34e3caad84b70b9\" target=\"_blank\" rel=\"nofollow noopener\"> os f\u00e3s terem questionado o porqu\u00ea de terem deixado de se seguir no Instagram<\/a>. Tamb\u00e9m as imagens de ambos foram apagadas na mesma rede social.<\/p>\n<p>&#8220;Realmente, faz sentido acharem que terminamos pois j\u00e1 n\u00e3o temos fotos no Instagram. N\u00e3o condeno. Mas podem perguntar, n\u00e3o precisam de mandar testamentos. No TikTok tenho tudo. N\u00e3o me apetecia ter de justificar e estava s\u00f3 a tentar estar na minha vida, mas pronto, aqui est\u00e1&#8221;, come\u00e7ou por escrever a jovem.<\/p>\n<p>&#8220;N\u00f3s n\u00e3o acab\u00e1mos. Aconselharam-nos a que eu tirasse as fotos que me relacionassem com ele, por causa das den\u00fancias. E a ele igualmente para n\u00e3o ser banido. Foi na mesma, mas voltou&#8221;, esclareceu, ainda, B\u00e1rbara Parada.<\/p>\n<p>&#8220;N\u00e3o acredito em nada disso de me terem pedido para apagar as fotos e tirar tudo e apagar todas as liga\u00e7\u00f5es. C\u00e1 para mim, a menina quer alguma coisa com o Francisco e fez-nos fazer isto. Mas pronto, mais vale prevenir que remediar&#8221;, rematou a namorada de Zaza, como \u00e9 carinhosamente tratado.<\/p>\n","protected":false},"excerpt":{"rendered":"B\u00e1rbara Parada negou estar separada de Francisco Monteiro, atrav\u00e9s da rede social X, depois de, nos \u00faltimos dias,&hellip;\n","protected":false},"author":2,"featured_media":90107,"comment_status":"","ping_status":"","sticky":false,"template":"","format":"standard","meta":{"footnotes":""},"categories":[85],"tags":[2151,48,114,115,980,2071,1015,619,1017,32,33,1014,548,1012,162],"class_list":{"0":"post-163679","1":"post","2":"type-post","3":"status-publish","4":"format-standard","5":"has-post-thumbnail","7":"category-entretenimento","8":"tag-barbara-parada","9":"tag-big-brother","10":"tag-entertainment","11":"tag-entretenimento","12":"tag-famosos","13":"tag-francisco-monteiro","14":"tag-instagram","15":"tag-nacional","16":"tag-namoro","17":"tag-portugal","18":"tag-pt","19":"tag-reality-show","20":"tag-redes-sociais","21":"tag-selfie","22":"tag-tvi"},"share_on_mastodon":{"url":"https:\/\/pubeurope.com\/@pt\/115605807101835112","error":""},"_links":{"self":[{"href":"https:\/\/www.europesays.com\/pt\/wp-json\/wp\/v2\/posts\/163679","targetHints":{"allow":["GET"]}}],"collection":[{"href":"https:\/\/www.europesays.com\/pt\/wp-json\/wp\/v2\/posts"}],"about":[{"href":"https:\/\/www.europesays.com\/pt\/wp-json\/wp\/v2\/types\/post"}],"author":[{"embeddable":true,"href":"https:\/\/www.europesays.com\/pt\/wp-json\/wp\/v2\/users\/2"}],"replies":[{"embeddable":true,"href":"https:\/\/www.europesays.com\/pt\/wp-json\/wp\/v2\/comments?post=163679"}],"version-history":[{"count":0,"href":"https:\/\/www.europesays.com\/pt\/wp-json\/wp\/v2\/posts\/163679\/revisions"}],"wp:featuredmedia":[{"embeddable":true,"href":"https:\/\/www.europesays.com\/pt\/wp-json\/wp\/v2\/media\/90107"}],"wp:attachment":[{"href":"https:\/\/www.europesays.com\/pt\/wp-json\/wp\/v2\/media?parent=163679"}],"wp:term":[{"taxonomy":"category","embeddable":true,"href":"https:\/\/www.europesays.com\/pt\/wp-json\/wp\/v2\/categories?post=163679"},{"taxonomy":"post_tag","embeddable":true,"href":"https:\/\/www.europesays.com\/pt\/wp-json\/wp\/v2\/tags?post=163679"}],"curies":[{"name":"wp","href":"https:\/\/api.w.org\/{rel}","templated":true}]}}