{"id":163680,"date":"2025-11-24T17:16:24","date_gmt":"2025-11-24T17:16:24","guid":{"rendered":"https:\/\/www.europesays.com\/pt\/163680\/"},"modified":"2025-11-24T17:16:24","modified_gmt":"2025-11-24T17:16:24","slug":"lasar-segall-ganha-exposicao-no-museu-judaico-de-sp","status":"publish","type":"post","link":"https:\/\/www.europesays.com\/pt\/163680\/","title":{"rendered":"Lasar Segall ganha exposi\u00e7\u00e3o no Museu Judaico de SP"},"content":{"rendered":"<p>A mostra re\u00fane cerca de 60 obras \u2014 pinturas, gravuras e documentos raros \u2014 e destaca um Segall que se movimenta entre mundos, mas mant\u00e9m um olhar constante para as experi\u00eancias humanas. Entre os trabalhos de maior peso est\u00e1 \u2018Eternos caminhantes\u2019 (1919), do per\u00edodo alem\u00e3o, confiscada pelos nazistas em 1937. O percurso conecta esse momento expressionista ao que o artista desenvolveu depois no Brasil, com novas paisagens e novas luzes.<\/p>\n<p>A curadora Patr\u00edcia Wagner explica o nome e o sentido da exposi\u00e7\u00e3o: \u201cA lua, como uma imagem que atravessa tempos, lugares e paisagens, \u00e9 o fio que perpassa a mostra. Um fio que atravessa a noite de Vilnius, os ateli\u00eas de Dresden, as paisagens de Campos do Jord\u00e3o, e que reverbera na hist\u00f3ria simples e poderosa que Vinicius de Moraes ouviu Rubem Braga contar \u2014 quando, diante da lua, Segall teria dito: \u2018Essa velha lua, amigo, sempre a mesma\u2026\u2019\u201d.<\/p>\n<p>Leia outras not\u00edcias na Coluna Alice Ferraz<\/p>\n","protected":false},"excerpt":{"rendered":"A mostra re\u00fane cerca de 60 obras \u2014 pinturas, gravuras e documentos raros \u2014 e destaca um Segall&hellip;\n","protected":false},"author":2,"featured_media":163681,"comment_status":"","ping_status":"","sticky":false,"template":"","format":"standard","meta":{"footnotes":""},"categories":[84],"tags":[109,107,108,32,33,105,103,104,106,110],"class_list":{"0":"post-163680","1":"post","2":"type-post","3":"status-publish","4":"format-standard","5":"has-post-thumbnail","7":"category-ciencia-e-tecnologia","8":"tag-ciencia","9":"tag-ciencia-e-tecnologia","10":"tag-cienciaetecnologia","11":"tag-portugal","12":"tag-pt","13":"tag-science","14":"tag-science-and-technology","15":"tag-scienceandtechnology","16":"tag-technology","17":"tag-tecnologia"},"share_on_mastodon":{"url":"https:\/\/pubeurope.com\/@pt\/115605810907845289","error":""},"_links":{"self":[{"href":"https:\/\/www.europesays.com\/pt\/wp-json\/wp\/v2\/posts\/163680","targetHints":{"allow":["GET"]}}],"collection":[{"href":"https:\/\/www.europesays.com\/pt\/wp-json\/wp\/v2\/posts"}],"about":[{"href":"https:\/\/www.europesays.com\/pt\/wp-json\/wp\/v2\/types\/post"}],"author":[{"embeddable":true,"href":"https:\/\/www.europesays.com\/pt\/wp-json\/wp\/v2\/users\/2"}],"replies":[{"embeddable":true,"href":"https:\/\/www.europesays.com\/pt\/wp-json\/wp\/v2\/comments?post=163680"}],"version-history":[{"count":0,"href":"https:\/\/www.europesays.com\/pt\/wp-json\/wp\/v2\/posts\/163680\/revisions"}],"wp:featuredmedia":[{"embeddable":true,"href":"https:\/\/www.europesays.com\/pt\/wp-json\/wp\/v2\/media\/163681"}],"wp:attachment":[{"href":"https:\/\/www.europesays.com\/pt\/wp-json\/wp\/v2\/media?parent=163680"}],"wp:term":[{"taxonomy":"category","embeddable":true,"href":"https:\/\/www.europesays.com\/pt\/wp-json\/wp\/v2\/categories?post=163680"},{"taxonomy":"post_tag","embeddable":true,"href":"https:\/\/www.europesays.com\/pt\/wp-json\/wp\/v2\/tags?post=163680"}],"curies":[{"name":"wp","href":"https:\/\/api.w.org\/{rel}","templated":true}]}}