{"id":163694,"date":"2025-11-24T17:28:13","date_gmt":"2025-11-24T17:28:13","guid":{"rendered":"https:\/\/www.europesays.com\/pt\/163694\/"},"modified":"2025-11-24T17:28:13","modified_gmt":"2025-11-24T17:28:13","slug":"homem-contrai-tuberculose-rara-no-penis-entenda-o-caso","status":"publish","type":"post","link":"https:\/\/www.europesays.com\/pt\/163694\/","title":{"rendered":"Homem contrai tuberculose rara no p\u00eanis; entenda o caso!"},"content":{"rendered":"<p>A tuberculose, <a href=\"https:\/\/pt.wikipedia.org\/wiki\/Infec%C3%A7%C3%A3o\" rel=\"nofollow noopener\" target=\"_blank\">infec\u00e7\u00e3o<\/a> causada pela bact\u00e9ria <a href=\"https:\/\/pt.wikipedia.org\/wiki\/Mycobacterium\" rel=\"nofollow noopener\" target=\"_blank\">Mycobacterium<\/a> tuberculosis, \u00e9 conhecida por afetar principalmente os pulm\u00f5es, mas tamb\u00e9m pode impactar outras partes do corpo. No entanto, um caso recente na Irlanda trouxe \u00e0 tona uma manifesta\u00e7\u00e3o extremamente rara da doen\u00e7a: a infec\u00e7\u00e3o peniana. O relato foi publicado em 20 de novembro na revista <a href=\"https:\/\/journals.asm.org\/doi\/10.1128\/asmcr.00141-25\" rel=\"nofollow noopener\" target=\"_blank\">ASM Case Reports<\/a>.<\/p>\n<p>Um homem de 57 anos buscou atendimento em um hospital de Dublin ap\u00f3s uma semana enfrentando dor intensa, vermelhid\u00e3o e incha\u00e7o na regi\u00e3o genital, acompanhados de febre alta. A equipe m\u00e9dica prontamente o internou, levando em considera\u00e7\u00e3o seu hist\u00f3rico m\u00e9dico, que inclu\u00eda um transplante renal realizado quinze anos antes e o uso cont\u00ednuo de medicamentos imunossupressores, fatores que aumentam o risco de infec\u00e7\u00f5es.<\/p>\n<p>Os primeiros exames indicaram celulite genital, uma infec\u00e7\u00e3o bacteriana comum, e os m\u00e9dicos iniciaram o tratamento com antibi\u00f3ticos tradicionais. Contudo, a condi\u00e7\u00e3o do paciente se deteriorou rapidamente, resultando na necessidade de uma avalia\u00e7\u00e3o especializada em doen\u00e7as infecciosas, segundo informa\u00e7\u00f5es da revista Galileu.<\/p>\n<p>Durante a revis\u00e3o do hist\u00f3rico cl\u00ednico, foi notado que o homem apresentava h\u00e1 tr\u00eas meses sintomas cl\u00e1ssicos da tuberculose, como febre persistente, calafrios, sudorese noturna intensa, perda de peso significativa e falta de apetite. Ele tamb\u00e9m tinha um hist\u00f3rico de contato frequente com animais mortos, tendo crescido em uma \u00e1rea rural e trabalhado como a\u00e7ougueiro e ca\u00e7ador.<\/p>\n<p>Ap\u00f3s realizar tomografias do t\u00f3rax e da pelve, os m\u00e9dicos identificaram n\u00f3dulos nos pulm\u00f5es compat\u00edveis com tuberculose miliar \u2014 uma forma grave da doen\u00e7a em que a bact\u00e9ria se dissemina pelo organismo. Embora a infec\u00e7\u00e3o urogenital seja rara e casos penianos representem menos de 1% dos casos dessa natureza, a combina\u00e7\u00e3o da imunossupress\u00e3o do paciente com a infec\u00e7\u00e3o pulmonar tornou essa hip\u00f3tese mais plaus\u00edvel. Testes subsequentes confirmaram a presen\u00e7a de micobact\u00e9rias no trato respirat\u00f3rio e no tecido peniano.<\/p>\n<p>O tratamento para tuberculose requer um regime prolongado de m\u00faltiplos antibi\u00f3ticos. O paciente foi submetido a um tratamento com quatro medicamentos ao longo de 12 meses, cuidadosamente selecionados para n\u00e3o interferir no funcionamento do rim transplantado. Apesar das dificuldades iniciais e da forma\u00e7\u00e3o de uma \u00falcera necr\u00f3tica no p\u00eanis que exigiu remo\u00e7\u00e3o cir\u00fargica de tecido necrosado, ap\u00f3s dez meses o quadro cl\u00ednico se estabilizou e a recupera\u00e7\u00e3o foi considerada satisfat\u00f3ria.<\/p>\n<p>A origem da infec\u00e7\u00e3o ainda \u00e9 incerta. O paciente n\u00e3o teve contato com pessoas diagnosticadas com tuberculose nem frequentou locais de alto risco. Uma possibilidade considerada pelos m\u00e9dicos \u00e9 que a infec\u00e7\u00e3o tenha sido adquirida atrav\u00e9s do <a href=\"https:\/\/aventurasnahistoria.com.br\/noticias\/historia-hoje\/homem-que-recebeu-rim-de-porco-tem-orgao-removido-nove-meses-apos-transplante.phtml\" rel=\"nofollow noopener\" target=\"_blank\">rim transplantado<\/a> ou por meio do contato com cervos e vacas, que podem transmitir M. bovis durante atividades relacionadas \u00e0 ca\u00e7a ou manipula\u00e7\u00e3o de carca\u00e7as.<\/p>\n<p>A d\u00favida persiste sobre se a infec\u00e7\u00e3o teve in\u00edcio nos pulm\u00f5es antes de afetar o p\u00eanis ou vice-versa. O caso tamb\u00e9m remete a relatos anteriores envolvendo profissionais que manipulam cad\u00e1veres, onde a bact\u00e9ria pode penetrar pela pele lesionada. Historicamente, h\u00e1 registros raros de transmiss\u00e3o sexual da tuberculose.<\/p>\n<p>Apesar da gravidade do caso, os m\u00e9dicos respons\u00e1veis afirmam que todos os registros dispon\u00edveis sobre tuberculose peniana indicam respostas positivas ao tratamento, incluindo o caso irland\u00eas.<\/p>\n<p>        <a href=\"https:\/\/aventurasnahistoria.com.br\/noticias\/author\/giovanna-gomes\" rel=\"nofollow noopener\" target=\"_blank\">&#13;<br \/>\n          <img loading=\"lazy\" alt=\"Giovanna Gomes\" src=\"https:\/\/www.europesays.com\/pt\/wp-content\/uploads\/2025\/11\/1764005293_262_33b368a526ac26c2f7de6462fce3004285811f04809ed05857f30d16a462d4c5\"  class=\"avatar avatar-115 photo rounded-circle mr-3\" height=\"115\" width=\"115\" decoding=\"async\"\/>        <\/a><\/p>\n<p>Giovanna Gomes \u00e9 jornalista e estudante de Hist\u00f3ria pela USP. Gosta de escrever sobre arte, arqueologia e tudo que diz repeito \u00e0 cultura e \u00e0 hist\u00f3ria do ser humano.<\/p>\n","protected":false},"excerpt":{"rendered":"A tuberculose, infec\u00e7\u00e3o causada pela bact\u00e9ria Mycobacterium tuberculosis, \u00e9 conhecida por afetar principalmente os pulm\u00f5es, mas tamb\u00e9m pode&hellip;\n","protected":false},"author":2,"featured_media":163695,"comment_status":"","ping_status":"","sticky":false,"template":"","format":"standard","meta":{"footnotes":""},"categories":[86],"tags":[34648,109,4357,116,26490,14242,32,33,13421,117,11256],"class_list":{"0":"post-163694","1":"post","2":"type-post","3":"status-publish","4":"format-standard","5":"has-post-thumbnail","7":"category-saude","8":"tag-caso-medico","9":"tag-ciencia","10":"tag-doenca","11":"tag-health","12":"tag-irlandes","13":"tag-penis","14":"tag-portugal","15":"tag-pt","16":"tag-rara","17":"tag-saude","18":"tag-tuberculose"},"share_on_mastodon":{"url":"https:\/\/pubeurope.com\/@pt\/115605858493956279","error":""},"_links":{"self":[{"href":"https:\/\/www.europesays.com\/pt\/wp-json\/wp\/v2\/posts\/163694","targetHints":{"allow":["GET"]}}],"collection":[{"href":"https:\/\/www.europesays.com\/pt\/wp-json\/wp\/v2\/posts"}],"about":[{"href":"https:\/\/www.europesays.com\/pt\/wp-json\/wp\/v2\/types\/post"}],"author":[{"embeddable":true,"href":"https:\/\/www.europesays.com\/pt\/wp-json\/wp\/v2\/users\/2"}],"replies":[{"embeddable":true,"href":"https:\/\/www.europesays.com\/pt\/wp-json\/wp\/v2\/comments?post=163694"}],"version-history":[{"count":0,"href":"https:\/\/www.europesays.com\/pt\/wp-json\/wp\/v2\/posts\/163694\/revisions"}],"wp:featuredmedia":[{"embeddable":true,"href":"https:\/\/www.europesays.com\/pt\/wp-json\/wp\/v2\/media\/163695"}],"wp:attachment":[{"href":"https:\/\/www.europesays.com\/pt\/wp-json\/wp\/v2\/media?parent=163694"}],"wp:term":[{"taxonomy":"category","embeddable":true,"href":"https:\/\/www.europesays.com\/pt\/wp-json\/wp\/v2\/categories?post=163694"},{"taxonomy":"post_tag","embeddable":true,"href":"https:\/\/www.europesays.com\/pt\/wp-json\/wp\/v2\/tags?post=163694"}],"curies":[{"name":"wp","href":"https:\/\/api.w.org\/{rel}","templated":true}]}}