{"id":163708,"date":"2025-11-24T17:41:12","date_gmt":"2025-11-24T17:41:12","guid":{"rendered":"https:\/\/www.europesays.com\/pt\/163708\/"},"modified":"2025-11-24T17:41:12","modified_gmt":"2025-11-24T17:41:12","slug":"mayara-magri-estreia-na-direcao-com-silvia-pfeiffer-24-11-2025-thiago-stivaletti","status":"publish","type":"post","link":"https:\/\/www.europesays.com\/pt\/163708\/","title":{"rendered":"Mayara Magri estreia na dire\u00e7\u00e3o com Silvia Pfeiffer &#8211; 24\/11\/2025 &#8211; Thiago Stivaletti"},"content":{"rendered":"<p>\n<strong class=\"c-signature__location\">S\u00e3o Paulo<\/strong>\n<\/p>\n<p>Ela foi uma das grandes estrelas da <a href=\"https:\/\/www1.folha.uol.com.br\/folha-topicos\/globo\/\" rel=\"nofollow noopener\" target=\"_blank\">Globo<\/a> nos anos 80, em novelas como &#8220;<a href=\"https:\/\/f5.folha.uol.com.br\/celebridades\/2025\/10\/mayara-magri-desabafa-sobre-afastamento-da-tv-nao-sei-mais-recomecar.shtml\" rel=\"nofollow noopener\" target=\"\">A Gata Comeu<\/a>&#8220;, &#8220;Roda de Fogo&#8221; e &#8220;O Salvador da P\u00e1tria&#8221;. Afastada das novelas h\u00e1 mais de 20 anos, <a href=\"https:\/\/f5.folha.uol.com.br\/celebridades\/2025\/10\/mayara-magri-desabafa-sobre-afastamento-da-tv-nao-sei-mais-recomecar.shtml\" rel=\"nofollow noopener\" target=\"\">Mayara Magri<\/a> acabou de descobrir um novo prazer art\u00edstico: a dire\u00e7\u00e3o de cinema.<\/p>\n<p>  <a href=\"https:\/\/f5.folha.uol.com.br\/colunistas\/thiagostivaletti\/\" rel=\"nofollow noopener\" target=\"_blank\"><br \/>\n    <img decoding=\"async\" src=\"https:\/\/www.europesays.com\/pt\/wp-content\/uploads\/2025\/08\/171986525566830fa7f3371_1719865255_1x1_xs.jpg\" alt=\"Foto de Thiago Stivaletti\" class=\"img-responsive c-lazyload\"\/><\/p>\n<p>  <\/a><\/p>\n<p class=\"author__description\">\n    Thiago Stivaletti \u00e9 jornalista e cr\u00edtico de cinema, TV e streaming. Foi rep\u00f3rter na Folha de S.Paulo e colunista do UOL. Como roteirista, escreveu para o V\u00eddeo Show (Globo) e o TVZ (Multishow)\n  <\/p>\n","protected":false},"excerpt":{"rendered":"S\u00e3o Paulo Ela foi uma das grandes estrelas da Globo nos anos 80, em novelas como &#8220;A Gata&hellip;\n","protected":false},"author":2,"featured_media":163709,"comment_status":"","ping_status":"","sticky":false,"template":"","format":"standard","meta":{"footnotes":""},"categories":[140],"tags":[219,935,211,223,114,115,224,225,147,148,226,753,3179,221,220,222,29285,146,2931,32,33,2566,218,228,227],"class_list":{"0":"post-163708","1":"post","2":"type-post","3":"status-publish","4":"format-standard","5":"has-post-thumbnail","7":"category-filmes","8":"tag-bichos","9":"tag-canais-de-tv","10":"tag-celebridades","11":"tag-colunistas","12":"tag-entertainment","13":"tag-entretenimento","14":"tag-estranho","15":"tag-eu-amo","16":"tag-film","17":"tag-filmes","18":"tag-fofices","19":"tag-globo","20":"tag-globoplay","21":"tag-horoscopo","22":"tag-humanos","23":"tag-humor","24":"tag-mayara-magri","25":"tag-movies","26":"tag-novela","27":"tag-portugal","28":"tag-pt","29":"tag-televiso","30":"tag-televisao","31":"tag-tudo","32":"tag-videos"},"share_on_mastodon":{"url":"https:\/\/pubeurope.com\/@pt\/115605909361462636","error":""},"_links":{"self":[{"href":"https:\/\/www.europesays.com\/pt\/wp-json\/wp\/v2\/posts\/163708","targetHints":{"allow":["GET"]}}],"collection":[{"href":"https:\/\/www.europesays.com\/pt\/wp-json\/wp\/v2\/posts"}],"about":[{"href":"https:\/\/www.europesays.com\/pt\/wp-json\/wp\/v2\/types\/post"}],"author":[{"embeddable":true,"href":"https:\/\/www.europesays.com\/pt\/wp-json\/wp\/v2\/users\/2"}],"replies":[{"embeddable":true,"href":"https:\/\/www.europesays.com\/pt\/wp-json\/wp\/v2\/comments?post=163708"}],"version-history":[{"count":0,"href":"https:\/\/www.europesays.com\/pt\/wp-json\/wp\/v2\/posts\/163708\/revisions"}],"wp:featuredmedia":[{"embeddable":true,"href":"https:\/\/www.europesays.com\/pt\/wp-json\/wp\/v2\/media\/163709"}],"wp:attachment":[{"href":"https:\/\/www.europesays.com\/pt\/wp-json\/wp\/v2\/media?parent=163708"}],"wp:term":[{"taxonomy":"category","embeddable":true,"href":"https:\/\/www.europesays.com\/pt\/wp-json\/wp\/v2\/categories?post=163708"},{"taxonomy":"post_tag","embeddable":true,"href":"https:\/\/www.europesays.com\/pt\/wp-json\/wp\/v2\/tags?post=163708"}],"curies":[{"name":"wp","href":"https:\/\/api.w.org\/{rel}","templated":true}]}}