{"id":163712,"date":"2025-11-24T17:43:08","date_gmt":"2025-11-24T17:43:08","guid":{"rendered":"https:\/\/www.europesays.com\/pt\/163712\/"},"modified":"2025-11-24T17:43:08","modified_gmt":"2025-11-24T17:43:08","slug":"mais-musculos-e-menos-gordura-abdominal-podem-retardar-o-envelhecimento-cerebral","status":"publish","type":"post","link":"https:\/\/www.europesays.com\/pt\/163712\/","title":{"rendered":"Mais m\u00fasculos e menos gordura abdominal podem retardar o envelhecimento cerebral"},"content":{"rendered":"\n<p>Pesquisadores descobriram que um corpo com maior massa muscular combinada com uma menor propor\u00e7\u00e3o de gordura visceral em rela\u00e7\u00e3o \u00e0 massa muscular est\u00e1 associado a uma idade cerebral mais jovem. A rela\u00e7\u00e3o ser\u00e1 apresentada na pr\u00f3xima semana na reuni\u00e3o anual da Sociedade Radiol\u00f3gica da Am\u00e9rica do Norte (RSNA).<\/p>\n<p>&#13;<br \/>\n&#13;<\/p>\n<p>A gordura visceral fica localizada profundamente na cavidade abdominal, envolvendo \u00f3rg\u00e3os internos vitais. Segundo o autor s\u00eanior do estudo, Cyrus Raji, professor associado de radiologia e neurologia do Departamento de Radiologia do Instituto Mallinckrodt de Radiologia da Faculdade de Medicina da Universidade de Washington em St. Louis, Missouri, essa sa\u00fade cerebral melhorada pode reduzir o risco de futuras doen\u00e7as cerebrais, como o Alzheimer.<\/p>\n<p>\u00a0<\/p>\n<p>&#13;<br \/>\n&#13;<br \/>\n&#13;<br \/>\n&#13;<\/p>\n<p>&#8220;Embora seja sabido que o envelhecimento cronol\u00f3gico se traduz em perda de massa muscular e aumento da gordura abdominal oculta, este estudo demonstra que esses indicadores de sa\u00fade est\u00e3o relacionados ao pr\u00f3prio envelhecimento cerebral. Ele mostra que a massa muscular e a massa gorda, quantificadas no corpo, s\u00e3o indicadores-chave da sa\u00fade cerebral, acompanhando o processo de envelhecimento do c\u00e9rebro\u201d, explica Raji.<\/p>\n<p>&#13;<br \/>\n&#13;<\/p>\n<p>A idade cerebral \u00e9 a estimativa computacional da idade cronol\u00f3gica a partir de uma resson\u00e2ncia magn\u00e9tica estrutural do c\u00e9rebro. A massa muscular, monitorada por resson\u00e2ncia magn\u00e9tica corporal, pode ser um marcador indireto para diversas interven\u00e7\u00f5es que visam reduzir a fragilidade e melhorar a sa\u00fade cerebral, e a idade cerebral prevista por imagens estruturais do c\u00e9rebro pode fornecer informa\u00e7\u00f5es sobre fatores de risco para a doen\u00e7a de Alzheimer, como a perda muscular.<\/p>\n<p>&#13;<br \/>\n&#13;<\/p>\n<p>Para o estudo em andamento, 1.164 indiv\u00edduos saud\u00e1veis (52% mulheres) de quatro locais foram examinados por meio de resson\u00e2ncia magn\u00e9tica (RM) de corpo inteiro.<\/p>\n<p>&#13;<br \/>\n&#13;<\/p>\n<p>A idade cronol\u00f3gica m\u00e9dia dos participantes era de 55,17 anos. Os pesquisadores combinaram imagens de RM com sequ\u00eancias ponderadas em T1, uma t\u00e9cnica que produz imagens onde a gordura aparece brilhante e o fluido aparece escuro. Isso permite a obten\u00e7\u00e3o de imagens otimizadas de tecido muscular, adiposo e cerebral.<\/p>\n<p>&#13;<br \/>\n&#13;<\/p>\n<p>Um algoritmo de intelig\u00eancia artificial (IA) foi utilizado para quantificar o volume muscular total normalizado, a gordura visceral (gordura abdominal oculta), a gordura subcut\u00e2nea (gordura sob a pele) e a idade cerebral.<\/p>\n<p>&#13;<br \/>\n&#13;<\/p>\n<p>Como resultado, os cientistas descobriram que uma maior propor\u00e7\u00e3o de gordura visceral em rela\u00e7\u00e3o \u00e0 massa muscular estava associada a uma idade cerebral mais avan\u00e7ada, enquanto a gordura subcut\u00e2nea n\u00e3o apresentou associa\u00e7\u00e3o significativa com a idade cerebral.<\/p>\n<p>&#13;<br \/>\n&#13;<\/p>\n<p>Segundo o professor Raji, ganhar massa muscular e reduzir a gordura visceral s\u00e3o objetivos alcan\u00e7\u00e1veis. A resson\u00e2ncia magn\u00e9tica de corpo inteiro e as estimativas de idade cerebral por intelig\u00eancia artificial fornecem par\u00e2metros objetivos para o planejamento e monitoramento de interven\u00e7\u00f5es, incluindo programas ou terapias em estudo que visam reduzir a gordura visceral e preservar a massa muscular.<\/p>\n<p>&#13;<br \/>\n&#13;<\/p>\n<p>Leucemia mieloide aguda: veja os principais sintomas do c\u00e2ncer de Tatiana Schlossberg, neta de John F. Kennedy<\/p>\n<p>&#13;<br \/>\n&#13;<\/p>\n<p>&#8220;Esta pesquisa validou hip\u00f3teses amplamente aceitas sobre a associa\u00e7\u00e3o entre biomarcadores de composi\u00e7\u00e3o corporal e sa\u00fade cerebral, e fornece uma base para que esses biomarcadores sejam inclu\u00eddos em futuros ensaios de diversas interven\u00e7\u00f5es e tratamentos metab\u00f3licos&#8221;, disse o professor.<\/p>\n<p>&#13;<br \/>\n&#13;<\/p>\n<p>Raji afirmou ainda que as descobertas deste estudo podem orientar o desenvolvimento de futuras terapias, como medicamentos \u00e0 base de GLP-1, que atuem na gordura visceral em vez da subcut\u00e2nea e minimizem a perda muscular. Visto que, os medicamentos como Ozempic, sejam eficazes na indu\u00e7\u00e3o da perda de gordura, \u201celes tamb\u00e9m podem estar relacionados a uma maior perda de massa muscular\u201d, diz o cientista.<\/p>\n<p>&#13;<br \/>\n&#13;<\/p>\n<p>\u201cNosso estudo pode orientar tratamentos futuros, promovendo pesquisas que quantifiquem a resson\u00e2ncia magn\u00e9tica da gordura corporal, da massa muscular e da idade cerebral, o que pode ajudar a determinar os regimes de dosagem ideais para os GLP-1s, a fim de alcan\u00e7ar os melhores resultados para a sa\u00fade do corpo e do c\u00e9rebro\u201d, disse.<\/p>\n<p>&#13;<br \/>\nVeja tamb\u00e9m<\/p>\n","protected":false},"excerpt":{"rendered":"Pesquisadores descobriram que um corpo com maior massa muscular combinada com uma menor propor\u00e7\u00e3o de gordura visceral em&hellip;\n","protected":false},"author":2,"featured_media":163713,"comment_status":"","ping_status":"","sticky":false,"template":"","format":"standard","meta":{"footnotes":""},"categories":[86],"tags":[116,32,33,117],"class_list":{"0":"post-163712","1":"post","2":"type-post","3":"status-publish","4":"format-standard","5":"has-post-thumbnail","7":"category-saude","8":"tag-health","9":"tag-portugal","10":"tag-pt","11":"tag-saude"},"share_on_mastodon":{"url":"https:\/\/pubeurope.com\/@pt\/115605917658273186","error":""},"_links":{"self":[{"href":"https:\/\/www.europesays.com\/pt\/wp-json\/wp\/v2\/posts\/163712","targetHints":{"allow":["GET"]}}],"collection":[{"href":"https:\/\/www.europesays.com\/pt\/wp-json\/wp\/v2\/posts"}],"about":[{"href":"https:\/\/www.europesays.com\/pt\/wp-json\/wp\/v2\/types\/post"}],"author":[{"embeddable":true,"href":"https:\/\/www.europesays.com\/pt\/wp-json\/wp\/v2\/users\/2"}],"replies":[{"embeddable":true,"href":"https:\/\/www.europesays.com\/pt\/wp-json\/wp\/v2\/comments?post=163712"}],"version-history":[{"count":0,"href":"https:\/\/www.europesays.com\/pt\/wp-json\/wp\/v2\/posts\/163712\/revisions"}],"wp:featuredmedia":[{"embeddable":true,"href":"https:\/\/www.europesays.com\/pt\/wp-json\/wp\/v2\/media\/163713"}],"wp:attachment":[{"href":"https:\/\/www.europesays.com\/pt\/wp-json\/wp\/v2\/media?parent=163712"}],"wp:term":[{"taxonomy":"category","embeddable":true,"href":"https:\/\/www.europesays.com\/pt\/wp-json\/wp\/v2\/categories?post=163712"},{"taxonomy":"post_tag","embeddable":true,"href":"https:\/\/www.europesays.com\/pt\/wp-json\/wp\/v2\/tags?post=163712"}],"curies":[{"name":"wp","href":"https:\/\/api.w.org\/{rel}","templated":true}]}}