{"id":163720,"date":"2025-11-24T17:49:10","date_gmt":"2025-11-24T17:49:10","guid":{"rendered":"https:\/\/www.europesays.com\/pt\/163720\/"},"modified":"2025-11-24T17:49:10","modified_gmt":"2025-11-24T17:49:10","slug":"liliana-marinho-e-a-nova-comandante-da-policia-municipal-do-porto","status":"publish","type":"post","link":"https:\/\/www.europesays.com\/pt\/163720\/","title":{"rendered":"Liliana Marinho \u00e9 a nova comandante da Pol\u00edcia Municipal do Porto"},"content":{"rendered":"<p data-remotead-prev-elm=\"true\" data-remotead-elm-id=\"inread\">Depois de obtido o acordo do diretor nacional da Pol\u00edcia de Seguran\u00e7a P\u00fablica (PSP), superintendente-chefe Lu\u00eds Carrilho, a ministra da Administra\u00e7\u00e3o Interna, Maria L\u00facia Amaral, designou a intendente Liliana Marinho para o exerc\u00edcio do cargo de comandante da PM, pelo per\u00edodo de tr\u00eas anos, prorrog\u00e1vel uma \u00fanica vez at\u00e9 ao limite de cinco anos.<\/p>\n<p>Segundo o despacho de nomea\u00e7\u00e3o, publicado esta segunda-feira em Di\u00e1rio da Rep\u00fablica, tem efeitos desde o dia 10 de novembro.<\/p>\n<p>Liliana Patr\u00edcia Pinto Marinho, 46 anos, \u00e9 licenciada em Ci\u00eancias Policiais pelo Instituto Superior de Ci\u00eancias Policiais e Seguran\u00e7a Interna e possui mestrado em Ci\u00eancias Forenses, pela Faculdade de Medicina da Universidade do Porto.<\/p>\n","protected":false},"excerpt":{"rendered":"Depois de obtido o acordo do diretor nacional da Pol\u00edcia de Seguran\u00e7a P\u00fablica (PSP), superintendente-chefe Lu\u00eds Carrilho, a&hellip;\n","protected":false},"author":2,"featured_media":163721,"comment_status":"","ping_status":"","sticky":false,"template":"","format":"standard","meta":{"footnotes":""},"categories":[10],"tags":[27,28,20018,15,16,14,25,26,21,22,12,13,19,20,34649,32,23,24,33,17,18,29,30,31],"class_list":{"0":"post-163720","1":"post","2":"type-post","3":"status-publish","4":"format-standard","5":"has-post-thumbnail","7":"category-portugal","8":"tag-breaking-news","9":"tag-breakingnews","10":"tag-concelho-porto","11":"tag-featured-news","12":"tag-featurednews","13":"tag-headlines","14":"tag-latest-news","15":"tag-latestnews","16":"tag-main-news","17":"tag-mainnews","18":"tag-news","19":"tag-noticias","20":"tag-noticias-principais","21":"tag-noticiasprincipais","22":"tag-policia-municipal-do-porto","23":"tag-portugal","24":"tag-principais-noticias","25":"tag-principaisnoticias","26":"tag-pt","27":"tag-top-stories","28":"tag-topstories","29":"tag-ultimas","30":"tag-ultimas-noticias","31":"tag-ultimasnoticias"},"share_on_mastodon":{"url":"https:\/\/pubeurope.com\/@pt\/115605940691123175","error":""},"_links":{"self":[{"href":"https:\/\/www.europesays.com\/pt\/wp-json\/wp\/v2\/posts\/163720","targetHints":{"allow":["GET"]}}],"collection":[{"href":"https:\/\/www.europesays.com\/pt\/wp-json\/wp\/v2\/posts"}],"about":[{"href":"https:\/\/www.europesays.com\/pt\/wp-json\/wp\/v2\/types\/post"}],"author":[{"embeddable":true,"href":"https:\/\/www.europesays.com\/pt\/wp-json\/wp\/v2\/users\/2"}],"replies":[{"embeddable":true,"href":"https:\/\/www.europesays.com\/pt\/wp-json\/wp\/v2\/comments?post=163720"}],"version-history":[{"count":0,"href":"https:\/\/www.europesays.com\/pt\/wp-json\/wp\/v2\/posts\/163720\/revisions"}],"wp:featuredmedia":[{"embeddable":true,"href":"https:\/\/www.europesays.com\/pt\/wp-json\/wp\/v2\/media\/163721"}],"wp:attachment":[{"href":"https:\/\/www.europesays.com\/pt\/wp-json\/wp\/v2\/media?parent=163720"}],"wp:term":[{"taxonomy":"category","embeddable":true,"href":"https:\/\/www.europesays.com\/pt\/wp-json\/wp\/v2\/categories?post=163720"},{"taxonomy":"post_tag","embeddable":true,"href":"https:\/\/www.europesays.com\/pt\/wp-json\/wp\/v2\/tags?post=163720"}],"curies":[{"name":"wp","href":"https:\/\/api.w.org\/{rel}","templated":true}]}}