{"id":163724,"date":"2025-11-24T17:54:13","date_gmt":"2025-11-24T17:54:13","guid":{"rendered":"https:\/\/www.europesays.com\/pt\/163724\/"},"modified":"2025-11-24T17:54:13","modified_gmt":"2025-11-24T17:54:13","slug":"ele-e-especial-jessica-vieira-surpreende-com-dedicatoria-que-ninguem-estava-a-espera-secret-story","status":"publish","type":"post","link":"https:\/\/www.europesays.com\/pt\/163724\/","title":{"rendered":"\u00abEle \u00e9 especial\u2026\u00bb: J\u00e9ssica Vieira surpreende com dedicat\u00f3ria que ningu\u00e9m estava \u00e0 espera &#8211; Secret Story"},"content":{"rendered":"<p data-end=\"442\" data-start=\"163\">J\u00e9ssica Vieira esteve presente no anivers\u00e1rio de Pedro Crispim e fez quest\u00e3o de <a href=\"https:\/\/tvi.iol.pt\/secretstory\/marcia-soares\/29-10-2025\/mudancas-a-caminho-marcia-soares-partilha-lema-de-vida-e-se-nao-estiver-tudo-bem\" rel=\"nofollow noopener\" target=\"_blank\">assinalar o momento nas redes sociais.<\/a> A vencedora do Secret Story partilhou um story dedicado ao ex-comentador, onde lhe deixou um elogio simples, mas cheio de carinho: \u00ab<strong data-end=\"441\" data-start=\"420\">Ele \u00e9 especial\u2026\u00bb<\/strong>.<\/p>\n<p data-end=\"442\" data-start=\"163\">A celebra\u00e7\u00e3o contou ainda com a presen\u00e7a de outros <a href=\"https:\/\/tvi.iol.pt\/secretstory\/ana-barbosa\/28-10-2025\/separada-ana-barbosa-poe-fim-a-rumoures-e-esclarece\" rel=\"nofollow noopener\" target=\"_blank\">rostos bem conhecidos do universo dos reality shows,<\/a> entre eles M\u00e1rcia Soares, Ana Arrebentinha e Ana Barbosa, que tamb\u00e9m se juntaram \u00e0 festa para celebrar mais um ano de vida de <a href=\"https:\/\/tvi.iol.pt\/secretstory\/pedro-crispim\/renata\/criticas-severas-pedro-crispim-considera-renata-uma-das-concorrentes-mais-egoistas-e-umbiguistas-do-mundo\" rel=\"nofollow noopener\" target=\"_blank\">Pedro Crispim.<\/a> O reencontro de v\u00e1rias figuras ligadas ao formato acabou por gerar curiosidade e entusiasmo entre os f\u00e3s.<\/p>\n<p data-end=\"778\" data-start=\"444\">\u00a0<\/p>\n<blockquote class=\"instagram-media\" data-instgrm-captioned=\"\" data-instgrm-permalink=\"https:\/\/www.instagram.com\/p\/DRZ-5FUjfBl\/?utm_source=ig_embed&amp;utm_campaign=loading\" data-instgrm-version=\"14\" style=\" background:#FFF; border:0; border-radius:3px; box-shadow:0 0 1px 0 rgba(0,0,0,0.5),0 1px 10px 0 rgba(0,0,0,0.15); margin: 1px; max-width:540px; min-width:326px; padding:0; width:99.375%; width:-webkit-calc(100% - 2px); width:calc(100% - 2px);\">\n<\/blockquote>\n<p>                        <script async src=\"\/\/www.instagram.com\/embed.js\"><\/script><\/p>\n","protected":false},"excerpt":{"rendered":"J\u00e9ssica Vieira esteve presente no anivers\u00e1rio de Pedro Crispim e fez quest\u00e3o de assinalar o momento nas redes&hellip;\n","protected":false},"author":2,"featured_media":148441,"comment_status":"","ping_status":"","sticky":false,"template":"","format":"standard","meta":{"footnotes":""},"categories":[142],"tags":[18706,114,115,18705,1417,32,33,151,18704],"class_list":{"0":"post-163724","1":"post","2":"type-post","3":"status-publish","4":"format-standard","5":"has-post-thumbnail","7":"category-tv","8":"tag-bastidores-secret-story","9":"tag-entertainment","10":"tag-entretenimento","11":"tag-entrevistas-concorrentes-tvi","12":"tag-jessica-vieira","13":"tag-portugal","14":"tag-pt","15":"tag-tv","16":"tag-vida-fora-da-casa"},"share_on_mastodon":{"url":"https:\/\/pubeurope.com\/@pt\/115605960556076077","error":""},"_links":{"self":[{"href":"https:\/\/www.europesays.com\/pt\/wp-json\/wp\/v2\/posts\/163724","targetHints":{"allow":["GET"]}}],"collection":[{"href":"https:\/\/www.europesays.com\/pt\/wp-json\/wp\/v2\/posts"}],"about":[{"href":"https:\/\/www.europesays.com\/pt\/wp-json\/wp\/v2\/types\/post"}],"author":[{"embeddable":true,"href":"https:\/\/www.europesays.com\/pt\/wp-json\/wp\/v2\/users\/2"}],"replies":[{"embeddable":true,"href":"https:\/\/www.europesays.com\/pt\/wp-json\/wp\/v2\/comments?post=163724"}],"version-history":[{"count":0,"href":"https:\/\/www.europesays.com\/pt\/wp-json\/wp\/v2\/posts\/163724\/revisions"}],"wp:featuredmedia":[{"embeddable":true,"href":"https:\/\/www.europesays.com\/pt\/wp-json\/wp\/v2\/media\/148441"}],"wp:attachment":[{"href":"https:\/\/www.europesays.com\/pt\/wp-json\/wp\/v2\/media?parent=163724"}],"wp:term":[{"taxonomy":"category","embeddable":true,"href":"https:\/\/www.europesays.com\/pt\/wp-json\/wp\/v2\/categories?post=163724"},{"taxonomy":"post_tag","embeddable":true,"href":"https:\/\/www.europesays.com\/pt\/wp-json\/wp\/v2\/tags?post=163724"}],"curies":[{"name":"wp","href":"https:\/\/api.w.org\/{rel}","templated":true}]}}