{"id":163731,"date":"2025-11-24T17:58:11","date_gmt":"2025-11-24T17:58:11","guid":{"rendered":"https:\/\/www.europesays.com\/pt\/163731\/"},"modified":"2025-11-24T17:58:11","modified_gmt":"2025-11-24T17:58:11","slug":"hospital-de-emergencia-do-agreste-realiza-captacao-de-corneas-e-rins-para-transformar-quatro-vidas-em-alagoas-saude-alagoas","status":"publish","type":"post","link":"https:\/\/www.europesays.com\/pt\/163731\/","title":{"rendered":"Hospital de Emerg\u00eancia do Agreste realiza capta\u00e7\u00e3o de c\u00f3rneas e rins para transformar quatro vidas em Alagoas \u2013 Sa\u00fade Alagoas"},"content":{"rendered":"<p><strong>Rep\u00f3rter:\u00a0<\/strong>Tony Medeiros \/ Ascom HEA<br \/><strong>Fotos:\u00a0<\/strong>Divulga\u00e7\u00e3o e Tony Medeiros \/ Ascom HEA<\/p>\n<p><img fetchpriority=\"high\" decoding=\"async\" width=\"600\" height=\"491\" src=\"https:\/\/www.europesays.com\/pt\/wp-content\/uploads\/2025\/11\/24112025-SESAU-HEA-CAPTACAO-ORGAOS-TRANSPLANTES-600x491.jpg\" alt=\"\" class=\"wp-image-118674\" style=\"width:787px;height:auto\"  \/><strong>Procedimento de capta\u00e7\u00e3o que resultou na retirada de c\u00f3rneas e rins, seguindo todos os protocolos estabelecidos pelo Minist\u00e9rio da Sa\u00fade_FOTO_Divulga\u00e7\u00e3o<\/strong><\/p>\n<p>O Hospital de Emerg\u00eancia do Agreste (HEA), em Arapiraca, realizou mais uma capta\u00e7\u00e3o m\u00faltipla de \u00f3rg\u00e3os e tecidos. A doadora \u00e9 uma mulher de 28 anos, v\u00edtima de Acidente Vascular Cerebral (AVC). Em um momento marcado pela despedida, a fam\u00edlia autorizou a doa\u00e7\u00e3o e abriu caminho para que outras vidas tivessem novas perspectivas de tratamento.<\/p>\n<p>A Comiss\u00e3o Intra-Hospitalar de Doa\u00e7\u00e3o de \u00d3rg\u00e3os e Tecidos para Transplantes (CIHDOTT) conduziu todas as etapas do processo seguindo os protocolos estabelecidos pelo Conselho Federal de Medicina (CFM). O procedimento resultou na capta\u00e7\u00e3o de duas c\u00f3rneas e dois rins, destinados a pacientes de Alagoas que aguardavam por transplante.<\/p>\n<p>A a\u00e7\u00e3o foi coordenada pela Organiza\u00e7\u00e3o de Procura de \u00d3rg\u00e3os (OPO) do HEA, que atua de forma integrada com a\u00a0Central de Transplantes de Alagoas. Com isso, foi garantido que cada etapa acontecesse com seguran\u00e7a, agilidade e respeito \u00e0s fam\u00edlias envolvidas.<\/p>\n<p><img loading=\"lazy\" decoding=\"async\" width=\"600\" height=\"450\" src=\"https:\/\/www.europesays.com\/pt\/wp-content\/uploads\/2025\/11\/24112025-SESAU-HEA-CAPTACAO-ORGAOS-TRANSPLANTES-TM-600x450.jpg\" alt=\"\" class=\"wp-image-118667\" style=\"width:787px;height:auto\"  \/><strong>Com essa capta\u00e7\u00e3o, o HEA chega ao total de sete procedimentos em sua hist\u00f3ria, sendo cinco realizados somente em 2025_FOTO_Tony Medeiros<\/strong><\/p>\n<p>Com essa capta\u00e7\u00e3o, o HEA chega a sete procedimentos em sua hist\u00f3ria, sendo cinco realizados somente em 2025. O n\u00famero representa o esfor\u00e7o conjunto de equipes treinadas e a sensibilidade das fam\u00edlias que compreendem o impacto da doa\u00e7\u00e3o de \u00f3rg\u00e3os na vida de outras pessoas.<\/p>\n<p>O enfermeiro Andervan Le\u00e3o, coordenador da CIHDOTT, destacou a import\u00e2ncia do di\u00e1logo familiar e do trabalho desenvolvido.\u00a0\u201cA decis\u00e3o pela doa\u00e7\u00e3o nasce da conversa dentro de casa. \u00c9 um \u2018sim\u2019 que muda destinos. Agrade\u00e7o a cada profissional pelo compromisso e pelo respeito demonstrado em cada etapa. Chegar \u00e0 s\u00e9tima capta\u00e7\u00e3o reafirma nosso prop\u00f3sito de cuidar e transformar vidas\u201d, frisou.<\/p>\n<p>A diretora-geral do HEA, B\u00e1rbara Albuquerque, destacou o valor da decis\u00e3o da fam\u00edlia e o empenho das equipes.\u00a0\u201cA fam\u00edlia da doadora fez um gesto de grandeza ao autorizar a doa\u00e7\u00e3o em um momento t\u00e3o delicado. Esse ato oferece esperan\u00e7a a quem aguarda por um transplante. Agrade\u00e7o \u00e0s equipes pelo cuidado e \u00e0 fam\u00edlia por permitir que a vida siga adiante por meio da doa\u00e7\u00e3o\u201d, enfatizou.<\/p>\n","protected":false},"excerpt":{"rendered":"Rep\u00f3rter:\u00a0Tony Medeiros \/ Ascom HEAFotos:\u00a0Divulga\u00e7\u00e3o e Tony Medeiros \/ Ascom HEA Procedimento de capta\u00e7\u00e3o que resultou na retirada&hellip;\n","protected":false},"author":2,"featured_media":163732,"comment_status":"","ping_status":"","sticky":false,"template":"","format":"standard","meta":{"footnotes":""},"categories":[86],"tags":[116,32,33,117],"class_list":{"0":"post-163731","1":"post","2":"type-post","3":"status-publish","4":"format-standard","5":"has-post-thumbnail","7":"category-saude","8":"tag-health","9":"tag-portugal","10":"tag-pt","11":"tag-saude"},"share_on_mastodon":{"url":"https:\/\/pubeurope.com\/@pt\/115605976611769260","error":""},"_links":{"self":[{"href":"https:\/\/www.europesays.com\/pt\/wp-json\/wp\/v2\/posts\/163731","targetHints":{"allow":["GET"]}}],"collection":[{"href":"https:\/\/www.europesays.com\/pt\/wp-json\/wp\/v2\/posts"}],"about":[{"href":"https:\/\/www.europesays.com\/pt\/wp-json\/wp\/v2\/types\/post"}],"author":[{"embeddable":true,"href":"https:\/\/www.europesays.com\/pt\/wp-json\/wp\/v2\/users\/2"}],"replies":[{"embeddable":true,"href":"https:\/\/www.europesays.com\/pt\/wp-json\/wp\/v2\/comments?post=163731"}],"version-history":[{"count":0,"href":"https:\/\/www.europesays.com\/pt\/wp-json\/wp\/v2\/posts\/163731\/revisions"}],"wp:featuredmedia":[{"embeddable":true,"href":"https:\/\/www.europesays.com\/pt\/wp-json\/wp\/v2\/media\/163732"}],"wp:attachment":[{"href":"https:\/\/www.europesays.com\/pt\/wp-json\/wp\/v2\/media?parent=163731"}],"wp:term":[{"taxonomy":"category","embeddable":true,"href":"https:\/\/www.europesays.com\/pt\/wp-json\/wp\/v2\/categories?post=163731"},{"taxonomy":"post_tag","embeddable":true,"href":"https:\/\/www.europesays.com\/pt\/wp-json\/wp\/v2\/tags?post=163731"}],"curies":[{"name":"wp","href":"https:\/\/api.w.org\/{rel}","templated":true}]}}