{"id":163740,"date":"2025-11-24T18:05:12","date_gmt":"2025-11-24T18:05:12","guid":{"rendered":"https:\/\/www.europesays.com\/pt\/163740\/"},"modified":"2025-11-24T18:05:12","modified_gmt":"2025-11-24T18:05:12","slug":"lily-allen-detalha-estrategia-para-transar-com-famosos","status":"publish","type":"post","link":"https:\/\/www.europesays.com\/pt\/163740\/","title":{"rendered":"Lily Allen detalha estrat\u00e9gia para transar com famosos"},"content":{"rendered":"<p dir=\"ltr\">A cantora\u00a0<a href=\"https:\/\/www.correiobraziliense.com.br\/tags\/lily-allen\/\" target=\"_blank\" rel=\"nofollow noopener\">Lily Allen<\/a> alcan\u00e7ou o sucesso com o \u00e1lbum <a href=\"https:\/\/www.correiobraziliense.com.br\/diversao-e-arte\/2025\/11\/7287151-lily-allen-transforma-dor-de-divorcio-em-album-explosivo.html\" target=\"_blank\" rel=\"nofollow noopener\">West End Girl<\/a> (2025) e, fiel \u00e0 fama de falar sem filtros, entregou novos detalhes sobre sua vida pessoal. Convidada da coluna Seek Help, da revista Interview (via Complex), a artista respondeu a perguntas de leitores, incluindo uma sobre a melhor forma de \u201ctransar com uma celebridade\u201d.<\/p>\n<p dir=\"ltr\">\u201cBem, eu s\u00f3 fiz isso umas duas vezes e foi meticulosamente planejado, ent\u00e3o voc\u00ea precisa estar numa situa\u00e7\u00e3o na qual a celebridade acha que est\u00e1 te descobrindo, n\u00e3o o oposto\u201d, afirmou. A cantora ampliou a explica\u00e7\u00e3o citando um caso espec\u00edfico em que decidiu perseguir romanticamente um famoso e montou uma estrat\u00e9gia para isso.\u00a0<\/p>\n<p dir=\"ltr\">\u201cHouve uma celebridade em particular que eu fui atr\u00e1s romanticamente e eu olhei seu cronograma de turn\u00ea e vi que estaria no Jap\u00e3o. Ent\u00e3o fiz quest\u00e3o de estar naquele festival e que seria uma das poucas pessoas presentes capaz de falar ingl\u00eas, o que me fazia mais interessante\u201d, relatou.\u00a0<\/p>\n<p dir=\"ltr\">A figura mencionada por Allen \u00e9 amplamente conhecida. Em 2009, o tabloide brit\u00e2nico The Sun noticiou que Lily Allen e <a href=\"https:\/\/www.correiobraziliense.com.br\/diversao-e-arte\/2025\/07\/7212818-irmao-mais-velho-de-noel-e-liam-gallagher-do-oasis-e-acusado-de-estupro.html\" target=\"_blank\" rel=\"nofollow noopener\">Liam Gallagher<\/a>, vocalista do <a href=\"https:\/\/www.correiobraziliense.com.br\/diversao-e-arte\/2025\/07\/7192549-oasis-volta-aos-palcos-apos-16-anos-confira-a-setlist.html\" target=\"_blank\" rel=\"nofollow noopener\">Oasis<\/a>, foram repreendidos pela tripula\u00e7\u00e3o durante um voo rumo ao Jap\u00e3o para o festival Fuji Rock por comportamento inadequado.<\/p>\n<p class=\"texto\"><strong><a href=\"https:\/\/whatsapp.com\/channel\/0029VaB1U9a002T64ex1Sy2w\" target=\"_blank\" rel=\"nofollow noopener\">Siga o canal do Correio no WhatsApp e receba as principais not\u00edcias do dia no seu celular<\/a><\/strong><\/p>\n<p dir=\"ltr\">A confirma\u00e7\u00e3o s\u00f3 veio quase dez anos depois. No livro de mem\u00f3rias My Thoughts Exactly (2018), Allen descreveu como se embebedou com Liam na primeira classe de um voo da Virgin Atlantic. Segundo ela, os dois tiveram rela\u00e7\u00f5es sexuais no banheiro do avi\u00e3o. Na \u00e9poca, o cantor ainda era casado com Nicole Appleton, ex-integrante do All Saints, casamento que s\u00f3 terminaria em 2014.<\/p>\n<p class=\"texto\">\u00a0<\/p>\n<ul>\n<li><a href=\"https:\/\/wa.me\/?text=Lily+Allen+detalha+estrat%C3%A9gia+para+transar+com+famosos+%20https:\/\/www.correiobraziliense.com.br\/diversao-e-arte\/2025\/11\/7298784-lily-allen-detalha-estrategia-para-transar-com-famosos.html\" target=\"_blank\" title=\"Whatsapp\" aria-label=\"WhatsApp\" rel=\"nofollow noopener\"><\/a><\/li>\n<li><a href=\"https:\/\/www.facebook.com\/sharer.php?u=https:\/\/www.correiobraziliense.com.br%2Fdiversao-e-arte%2F2025%2F11%2F7298784-lily-allen-detalha-estrategia-para-transar-com-famosos.html&amp;text=Lily+Allen+detalha+estrat%C3%A9gia+para+transar+com+famosos+\" target=\"_blank\" title=\"Facebook\" aria-label=\"Facebook\" rel=\"nofollow noopener\"><\/a><\/li>\n<li><a href=\"https:\/\/twitter.com\/intent\/tweet?url=https:\/\/www.correiobraziliense.com.br%2Fdiversao-e-arte%2F2025%2F11%2F7298784-lily-allen-detalha-estrategia-para-transar-com-famosos.html&amp;text=Lily+Allen+detalha+estrat%C3%A9gia+para+transar+com+famosos+\" target=\"_blank\" title=\"Twitter\" aria-label=\"Twitter\" rel=\"nofollow noopener\"><\/a><\/li>\n<li><a href=\"https:\/\/profile.google.com\/cp\/CgovbS8wNzZ0dms1\" title=\"Google Discover\" target=\"_blank\" aria-label=\"Google Discover\" rel=\"nofollow noopener\"><img decoding=\"async\" src=\"https:\/\/www.europesays.com\/pt\/wp-content\/uploads\/2025\/11\/1762975755_52_google-discover-icon.png\" style=\"height: 25px; margin: 0 !important; margin-left: 3px;\" alt=\"Google Discover Icon\"\/><\/a><\/li>\n<\/ul>\n<p>              <a href=\"https:\/\/www.correiobraziliense.com.br\/autor\/bianca-lucca\/page\/1\/\" style=\"height: 100%;\" rel=\"nofollow noopener\" target=\"_blank\"><img decoding=\"async\" class=\"hidden-print author-circle d-block h6 mt-0 mb-0 mr-6 text-center\" src=\"https:\/\/www.europesays.com\/pt\/wp-content\/uploads\/2025\/11\/whatsapp_image_2025_01_07_at_20_59_47-44349236.jpeg\" alt=\"\" width=\"40\" height=\"40\" loading=\"lazy\" style=\"object-fit:cover; width: 40px; height: 40px; margin-right:10px;\"\/><\/a><a href=\"https:\/\/www.correiobraziliense.com.br\/autor\/bianca-lucca\/page\/1\/\" rel=\"nofollow noopener\" target=\"_blank\"><img decoding=\"async\" class=\"hidden-print author-circle d-block h6 mt-0 mb-0 mr-6 text-center\" src=\"https:\/\/www.europesays.com\/pt\/wp-content\/uploads\/2025\/11\/whatsapp_image_2025_01_07_at_20_59_47-44349236.jpeg\" alt=\"\" width=\"40\" height=\"40\" loading=\"lazy\" style=\"object-fit:cover; width: 40px; height: 40px; margin-right:10px;\"\/><\/a>Bianca Lucca  <strong class=\"entryStrongAuthor\">Rep\u00f3rter<\/strong><\/p>\n<p class=\"entryDescricaoAuthor\">Jornalista pelo Centro Universit\u00e1rio de Bras\u00edlia, apaixonada por literatura e quest\u00f5es sociais. Passou pela editoria de Cultura e agora escreve para o CB On-line, onde assina o Blog Daquilo.<\/p>\n<p>                          <script async src=\"https:\/\/platform.twitter.com\/widgets.js\" charset=\"utf-8\"><\/script><\/p>\n","protected":false},"excerpt":{"rendered":"A cantora\u00a0Lily Allen alcan\u00e7ou o sucesso com o \u00e1lbum West End Girl (2025) e, fiel \u00e0 fama de&hellip;\n","protected":false},"author":2,"featured_media":163741,"comment_status":"","ping_status":"","sticky":false,"template":"","format":"standard","meta":{"footnotes":""},"categories":[145],"tags":[211,210,34656,114,115,34653,34657,34654,1638,32,33,216,34655],"class_list":{"0":"post-163740","1":"post","2":"type-post","3":"status-publish","4":"format-standard","5":"has-post-thumbnail","7":"category-celebridades","8":"tag-celebridades","9":"tag-celebrities","10":"tag-dallas-major","11":"tag-entertainment","12":"tag-entretenimento","13":"tag-lily-allen","14":"tag-lily-allen-somewhere-only-we-know","15":"tag-madeline-lily-allen","16":"tag-oasis","17":"tag-portugal","18":"tag-pt","19":"tag-sexo","20":"tag-west-end-girl"},"share_on_mastodon":{"url":"https:\/\/pubeurope.com\/@pt\/115606003839343603","error":""},"_links":{"self":[{"href":"https:\/\/www.europesays.com\/pt\/wp-json\/wp\/v2\/posts\/163740","targetHints":{"allow":["GET"]}}],"collection":[{"href":"https:\/\/www.europesays.com\/pt\/wp-json\/wp\/v2\/posts"}],"about":[{"href":"https:\/\/www.europesays.com\/pt\/wp-json\/wp\/v2\/types\/post"}],"author":[{"embeddable":true,"href":"https:\/\/www.europesays.com\/pt\/wp-json\/wp\/v2\/users\/2"}],"replies":[{"embeddable":true,"href":"https:\/\/www.europesays.com\/pt\/wp-json\/wp\/v2\/comments?post=163740"}],"version-history":[{"count":0,"href":"https:\/\/www.europesays.com\/pt\/wp-json\/wp\/v2\/posts\/163740\/revisions"}],"wp:featuredmedia":[{"embeddable":true,"href":"https:\/\/www.europesays.com\/pt\/wp-json\/wp\/v2\/media\/163741"}],"wp:attachment":[{"href":"https:\/\/www.europesays.com\/pt\/wp-json\/wp\/v2\/media?parent=163740"}],"wp:term":[{"taxonomy":"category","embeddable":true,"href":"https:\/\/www.europesays.com\/pt\/wp-json\/wp\/v2\/categories?post=163740"},{"taxonomy":"post_tag","embeddable":true,"href":"https:\/\/www.europesays.com\/pt\/wp-json\/wp\/v2\/tags?post=163740"}],"curies":[{"name":"wp","href":"https:\/\/api.w.org\/{rel}","templated":true}]}}