{"id":163742,"date":"2025-11-24T18:08:11","date_gmt":"2025-11-24T18:08:11","guid":{"rendered":"https:\/\/www.europesays.com\/pt\/163742\/"},"modified":"2025-11-24T18:08:11","modified_gmt":"2025-11-24T18:08:11","slug":"marisa-mostra-se-com-ciumes-apos-pedido-de-pedro-que-envolve-marisa-susana-secret-story","status":"publish","type":"post","link":"https:\/\/www.europesays.com\/pt\/163742\/","title":{"rendered":"Marisa mostra-se com ci\u00fames ap\u00f3s pedido de Pedro que envolve Marisa Susana &#8211; Secret Story"},"content":{"rendered":"<p>No Secret Story 9, Marisa mostra-se com ci\u00fames ap\u00f3s pedido de Pedro que envolve Marisa Susana&#8230; O concorrente pediu para ficar com uma camisola da amiga que foi eliminada do programa.<\/p>\n<p>A gala de ontem foi recheada de v\u00e1rias emo\u00e7\u00f5es: Marisa e Pedro Jorge receberam uma surpresa muito especial dos filhos e n\u00e3o contiveram a emo\u00e7\u00e3o. Bruna acertou no segredo de In\u00eas. Marisa Susana foi a concorrente expulsa. J\u00e1 a cadeira quente foi palco para v\u00e1rios confrontos e acusa\u00e7\u00f5es atiradas uns aos outros. Veja tudo!\u00a0<\/p>\n<p><a href=\"https:\/\/tvi.iol.pt\/secretstory\/aominuto\" rel=\"nofollow noopener\" target=\"_blank\">Acompanhe tudo o que acontece ao minuto na casa mais vigiada do Pa\u00eds!<\/a><\/p>\n","protected":false},"excerpt":{"rendered":"No Secret Story 9, Marisa mostra-se com ci\u00fames ap\u00f3s pedido de Pedro que envolve Marisa Susana&#8230; O concorrente&hellip;\n","protected":false},"author":2,"featured_media":163743,"comment_status":"","ping_status":"","sticky":false,"template":"","format":"standard","meta":{"footnotes":""},"categories":[142],"tags":[114,115,19033,19034,32,33,151,19032],"class_list":{"0":"post-163742","1":"post","2":"type-post","3":"status-publish","4":"format-standard","5":"has-post-thumbnail","7":"category-tv","8":"tag-entertainment","9":"tag-entretenimento","10":"tag-galas-em-video","11":"tag-melhores-momentos-casa-dos-segredos","12":"tag-portugal","13":"tag-pt","14":"tag-tv","15":"tag-videos-secret-story-tvi"},"share_on_mastodon":{"url":"https:\/\/pubeurope.com\/@pt\/115606015422868050","error":""},"_links":{"self":[{"href":"https:\/\/www.europesays.com\/pt\/wp-json\/wp\/v2\/posts\/163742","targetHints":{"allow":["GET"]}}],"collection":[{"href":"https:\/\/www.europesays.com\/pt\/wp-json\/wp\/v2\/posts"}],"about":[{"href":"https:\/\/www.europesays.com\/pt\/wp-json\/wp\/v2\/types\/post"}],"author":[{"embeddable":true,"href":"https:\/\/www.europesays.com\/pt\/wp-json\/wp\/v2\/users\/2"}],"replies":[{"embeddable":true,"href":"https:\/\/www.europesays.com\/pt\/wp-json\/wp\/v2\/comments?post=163742"}],"version-history":[{"count":0,"href":"https:\/\/www.europesays.com\/pt\/wp-json\/wp\/v2\/posts\/163742\/revisions"}],"wp:featuredmedia":[{"embeddable":true,"href":"https:\/\/www.europesays.com\/pt\/wp-json\/wp\/v2\/media\/163743"}],"wp:attachment":[{"href":"https:\/\/www.europesays.com\/pt\/wp-json\/wp\/v2\/media?parent=163742"}],"wp:term":[{"taxonomy":"category","embeddable":true,"href":"https:\/\/www.europesays.com\/pt\/wp-json\/wp\/v2\/categories?post=163742"},{"taxonomy":"post_tag","embeddable":true,"href":"https:\/\/www.europesays.com\/pt\/wp-json\/wp\/v2\/tags?post=163742"}],"curies":[{"name":"wp","href":"https:\/\/api.w.org\/{rel}","templated":true}]}}