{"id":163759,"date":"2025-11-24T18:24:31","date_gmt":"2025-11-24T18:24:31","guid":{"rendered":"https:\/\/www.europesays.com\/pt\/163759\/"},"modified":"2025-11-24T18:24:31","modified_gmt":"2025-11-24T18:24:31","slug":"a-empregada-suspense-com-sydney-sweeney-e-amanda-seyfried-ganha-cartaz-inedito-confira","status":"publish","type":"post","link":"https:\/\/www.europesays.com\/pt\/163759\/","title":{"rendered":"&#8216;A Empregada&#8217;: Suspense com Sydney Sweeney e Amanda Seyfried ganha cartaz IN\u00c9DITO; Confira!"},"content":{"rendered":"<p>A<strong> Paris Filmes<\/strong> divulgou um novo cartaz oficial do suspense \u2018<strong>A Empregada<\/strong>\u2018 (The Housemaid), adapta\u00e7\u00e3o do romance hom\u00f4nimo de <strong><a href=\"https:\/\/cinepop.com.br\/tag\/freida-mcfadden\/\" title=\"Freida McFadden\" rel=\"nofollow noopener\" target=\"_blank\">Freida McFadden<\/a><\/strong>.<\/p>\n<p>Confira, junto ao mais recente trailer, e siga o <a href=\"https:\/\/www.youtube.com\/cinepop?sub_confirmation=1\" target=\"_blank\" rel=\"noopener nofollow\"><strong>CinePOP no Youtube<\/strong><\/a>:<\/p>\n<p><img fetchpriority=\"high\" decoding=\"async\" src=\"https:\/\/www.europesays.com\/pt\/wp-content\/uploads\/2025\/11\/Poster_Livro_A-Empregada_4x5.jpg\" alt=\"\" width=\"800\" height=\"1000\"  \/><\/p>\n<p><img loading=\"lazy\" decoding=\"async\" src=\"https:\/\/www.europesays.com\/pt\/wp-content\/uploads\/2025\/11\/1764008671_495_hqdefault.jpg\" alt=\"YouTube video\" width=\"480\" height=\"360\" data-pin-nopin=\"true\" nopin=\"nopin\"\/><\/p>\n<p>O longa ser\u00e1 lan\u00e7ado nos cinemas nacionais no <strong>dia 1\u00ba de janeiro de 2026<\/strong>.<\/p>\n<p>Na trama\u2026<\/p>\n<p>\u201cMillie (<strong><a href=\"https:\/\/cinepop.com.br\/tag\/sydney-sweeney\/\" title=\"Sydney Sweeney\" rel=\"nofollow noopener\" target=\"_blank\">Sydney Sweeney<\/a><\/strong>) \u00e9 uma jovem mulher batalhadora que fica aliviada por ter um novo come\u00e7o como empregada dom\u00e9stica de Nina (<strong><a href=\"https:\/\/cinepop.com.br\/tag\/amanda-seyfried\/\" title=\"Amanda Seyfried\" rel=\"nofollow noopener\" target=\"_blank\">Amanda Seyfried<\/a><\/strong>) e Andrew (<strong>Brandon Sklenar<\/strong>), um casal rico. No entanto, ela logo descobre segredos familiares mais perigosos do que os seus pr\u00f3prios.\u201d<\/p>\n<p><strong>Michele Morrone<\/strong> (\u2018365 Dias\u2019) completa o elenco.<\/p>\n<p><strong><a href=\"https:\/\/cinepop.com.br\/tag\/paul-feig\/\" title=\"Paul Feig\" rel=\"nofollow noopener\" target=\"_blank\">Paul Feig<\/a><\/strong> (\u2018Um Pequeno Favor\u2019) ser\u00e1 respons\u00e1vel pela dire\u00e7\u00e3o.\u00a0<strong><a href=\"https:\/\/cinepop.com.br\/tag\/rebecca-sonnenshine\/\" title=\"Rebecca Sonnenshine\" rel=\"nofollow noopener\" target=\"_blank\">Rebecca Sonnenshine<\/a><\/strong>\u00a0assina o roteiro.<\/p>\n<p>O romance est\u00e1 na lista de\u00a0best-sellers do\u00a0New York Times por nada menos que\u00a0<strong>75 semanas<\/strong>, tendo vendido mais de\u00a0<strong>3.6 milh\u00f5es de c\u00f3pias<\/strong> e sendo traduzido para\u00a0<strong>40 l\u00ednguas<\/strong>.<\/p>\n","protected":false},"excerpt":{"rendered":"A Paris Filmes divulgou um novo cartaz oficial do suspense \u2018A Empregada\u2018 (The Housemaid), adapta\u00e7\u00e3o do romance hom\u00f4nimo&hellip;\n","protected":false},"author":2,"featured_media":163760,"comment_status":"","ping_status":"","sticky":false,"template":"","format":"standard","meta":{"footnotes":""},"categories":[140],"tags":[17023,31626,34660,114,115,147,148,15882,34661,34662,21606,146,34663,32,33,34664,4165,17030],"class_list":{"0":"post-163759","1":"post","2":"type-post","3":"status-publish","4":"format-standard","5":"has-post-thumbnail","7":"category-filmes","8":"tag-alex-young","9":"tag-amanda-seyfried","10":"tag-carly-kleinbart-elten","11":"tag-entertainment","12":"tag-entretenimento","13":"tag-film","14":"tag-filmes","15":"tag-freida-mcfadden","16":"tag-hidden-pictures","17":"tag-laura-fischer","18":"tag-lionsgate","19":"tag-movies","20":"tag-paul-feig","21":"tag-portugal","22":"tag-pt","23":"tag-rebecca-sonnenshine","24":"tag-sydney-sweeney","25":"tag-todd-lieberman"},"share_on_mastodon":{"url":"https:\/\/pubeurope.com\/@pt\/115606078901834267","error":""},"_links":{"self":[{"href":"https:\/\/www.europesays.com\/pt\/wp-json\/wp\/v2\/posts\/163759","targetHints":{"allow":["GET"]}}],"collection":[{"href":"https:\/\/www.europesays.com\/pt\/wp-json\/wp\/v2\/posts"}],"about":[{"href":"https:\/\/www.europesays.com\/pt\/wp-json\/wp\/v2\/types\/post"}],"author":[{"embeddable":true,"href":"https:\/\/www.europesays.com\/pt\/wp-json\/wp\/v2\/users\/2"}],"replies":[{"embeddable":true,"href":"https:\/\/www.europesays.com\/pt\/wp-json\/wp\/v2\/comments?post=163759"}],"version-history":[{"count":0,"href":"https:\/\/www.europesays.com\/pt\/wp-json\/wp\/v2\/posts\/163759\/revisions"}],"wp:featuredmedia":[{"embeddable":true,"href":"https:\/\/www.europesays.com\/pt\/wp-json\/wp\/v2\/media\/163760"}],"wp:attachment":[{"href":"https:\/\/www.europesays.com\/pt\/wp-json\/wp\/v2\/media?parent=163759"}],"wp:term":[{"taxonomy":"category","embeddable":true,"href":"https:\/\/www.europesays.com\/pt\/wp-json\/wp\/v2\/categories?post=163759"},{"taxonomy":"post_tag","embeddable":true,"href":"https:\/\/www.europesays.com\/pt\/wp-json\/wp\/v2\/tags?post=163759"}],"curies":[{"name":"wp","href":"https:\/\/api.w.org\/{rel}","templated":true}]}}