{"id":163765,"date":"2025-11-24T18:29:15","date_gmt":"2025-11-24T18:29:15","guid":{"rendered":"https:\/\/www.europesays.com\/pt\/163765\/"},"modified":"2025-11-24T18:29:15","modified_gmt":"2025-11-24T18:29:15","slug":"o-25-de-novembro-e-a-contra-revolucao-musical-observador","status":"publish","type":"post","link":"https:\/\/www.europesays.com\/pt\/163765\/","title":{"rendered":"O 25 de Novembro e a contra-revolu\u00e7\u00e3o musical \u2013 Observador"},"content":{"rendered":"<p>Na noite de 22 de fevereiro, Est\u00fadio 1 da RTP, um galante Carlos do Carmo estreia as can\u00e7\u00f5es, em passeio, ainda sem os autores identificados; duas semanas depois, \u00e9 guiado pela eterna dupla Ana Zanatti e El\u00e1dio Cl\u00edmaco, numa final\u00edssima did\u00e1tica, com apontamentos do maestro Ant\u00f3nio Vitorino de Almeida \u2014 \u201co que \u00e9 que vem para aqui fazer um gajo da cl\u00e1ssica\u201d. Entre o plateau e o piano, num \u00edmpeto fren\u00e9tico, analisa cada can\u00e7\u00e3o, em sess\u00f5es de debate livre com uma plateia de figuras p\u00fablicas, barbudos revolucion\u00e1rios, senhoras de laca e gaiatos aborrecidos \u2014 \u201cUm festival chamado Vitorino\u201d.<\/p>\n<p>O vencedor do Festival da Can\u00e7\u00e3o, em reflexo dos anseios democr\u00e1ticos, foi definido por \u201cvota\u00e7\u00e3o p\u00fablica\u201d, atrav\u00e9s de cup\u00f5es distribu\u00eddos pelos jornais, que s\u00e3o cortados, preenchidos e enviados para a RTP. <a href=\"https:\/\/www.youtube.com\/watch?v=HH5X39nkW4U\" target=\"_blank\" rel=\"noopener nofollow\">Uma Flor de Verde Pinho<\/a>, poema de Manuel Alegre dos tempos do ex\u00edlio, resgatado pelo amigo Jos\u00e9 Niza, foi o campe\u00e3o da noite (25,25% dos votos), taco\u00a0a taco com <a href=\"https:\/\/www.youtube.com\/watch?v=6-5jI_2c6LQ\" target=\"_blank\" rel=\"noopener nofollow\">Novo Fado Alegre<\/a>, de Fernando Tordo e Ary dos Santos (23,97% dos votos).<\/p>\n<p>A corrida a dois foi um espelho perfeito do momento pol\u00edtico \u00e0 esquerda. \u201cA vota\u00e7\u00e3o das can\u00e7\u00f5es entrou muito num jogo partid\u00e1rio\u201d, comenta um dos convidados da plateia, durante a transmiss\u00e3o em direto. \u201cInfluenciou altamente o povo pela proximidade do ato eleitoral\u201d. O c\u00e9lebre cr\u00edtico de televis\u00e3o, M\u00e1rio Castrim, comunista sobrevivente do PREC, apontou o \u201cNovo Fado Alegre\u201d como a \u00fanica can\u00e7\u00e3o de resist\u00eancia ao 25 de Novembro, n\u00e3o por acaso, composta por dois militantes do PCP. Em per\u00edodo eleitoral, esta competi\u00e7\u00e3o de cantigas foi uma sondagem \u00e0 boca de urna: vencem Manuel Alegre e Jos\u00e9 Niza, dois candidatos \u00e0 Assembleia da Rep\u00fablica pelo Partido Socialista (PS), que doam o pr\u00e9mio de 50 contos \u00e0 campanha de M\u00e1rio Soares.<\/p>\n<p>\u201cDentro de 3 minutos iniciaremos um per\u00edodo de emiss\u00e3o a cores\u201d. E surge o jornalista Adriano Cerqueira com uma indument\u00e1ria que, at\u00e9 aquele momento, era absolutamente digna \u00e0 ocasi\u00e3o \u2014 \u201cEspecial Elei\u00e7\u00f5es\u201d da RTP \u2014 e agora, as cores revelam um blazer mostarda e uma gravata apalha\u00e7ada, \u00e0s bolas vermelhas. Para o bem e para o mal, as elei\u00e7\u00f5es legislativas, a 25 de Abril de 76, foram um abrir de olhos: uma vit\u00f3ria expressiva do PS, seguido, a dez pontos percentuais, pelo PPD de Francisco S\u00e1 Carneiro, e, pasmem-se, o CDS de Diogo Freitas do Amaral. Esta reviravolta sociol\u00f3gica ocorreu, ao mesmo tempo, noutro formato de sufr\u00e1gio universal: a tabela de vendas da m\u00fasica popular.<\/p>\n<p>No pr\u00f3prio dia de elei\u00e7\u00f5es, as can\u00e7\u00f5es mais vendidas tamb\u00e9m desenham um pa\u00eds a cores, em tons pastel, de inspira\u00e7\u00e3o nip\u00f3nica. Os dois singles mais vendidos s\u00e3o gen\u00e9ricos de desenho-animado, a \u201chero\u00edna japonesa\u201d <a href=\"https:\/\/www.youtube.com\/watch?v=RmveSkTR_U4\" target=\"_blank\" rel=\"noopener nofollow\">Heidi<\/a>\u00a0e as \u201cAventuras de Wickie, O Viking\u201d, dois sucessos esmagadores da RTP que comprovam como a televis\u00e3o p\u00fablica, sobretudo ap\u00f3s o PREC, sentou milh\u00f5es de portugueses em casa. E a can\u00e7\u00e3o mais popular entre os gra\u00fados segue a paleta reluzente, <a href=\"https:\/\/www.youtube.com\/watch?v=artimhaduFw\" target=\"_blank\" rel=\"noopener nofollow\">Ontem, Hoje e Amanh\u00e3<\/a>, um cl\u00e1ssico Jos\u00e9 Cid, de marca registada: o sintetizador brincalh\u00e3o, os versos nost\u00e1lgicos, e aquele slide \u00e0 George Harrison, em cheio no ouvido de qualquer transeunte, sem resqu\u00edcio de com\u00edcio, men\u00e7\u00e3o \u00e0 reforma agr\u00e1ria, sequer os malef\u00edcios do patronato.<\/p>\n","protected":false},"excerpt":{"rendered":"Na noite de 22 de fevereiro, Est\u00fadio 1 da RTP, um galante Carlos do Carmo estreia as can\u00e7\u00f5es,&hellip;\n","protected":false},"author":2,"featured_media":163766,"comment_status":"","ping_status":"","sticky":false,"template":"","format":"standard","meta":{"footnotes":""},"categories":[85],"tags":[2534,23642,315,114,115,8305,339,27366,57,32,17769,33,58],"class_list":{"0":"post-163765","1":"post","2":"type-post","3":"status-publish","4":"format-standard","5":"has-post-thumbnail","7":"category-entretenimento","8":"tag-25-de-abril","9":"tag-25-de-novembro","10":"tag-cultura","11":"tag-entertainment","12":"tag-entretenimento","13":"tag-histu00f3ria","14":"tag-mu00fasica","15":"tag-mu00fasica-portuguesa","16":"tag-pau00eds","17":"tag-portugal","18":"tag-prec","19":"tag-pt","20":"tag-sociedade"},"share_on_mastodon":{"url":"https:\/\/pubeurope.com\/@pt\/115606097912001866","error":""},"_links":{"self":[{"href":"https:\/\/www.europesays.com\/pt\/wp-json\/wp\/v2\/posts\/163765","targetHints":{"allow":["GET"]}}],"collection":[{"href":"https:\/\/www.europesays.com\/pt\/wp-json\/wp\/v2\/posts"}],"about":[{"href":"https:\/\/www.europesays.com\/pt\/wp-json\/wp\/v2\/types\/post"}],"author":[{"embeddable":true,"href":"https:\/\/www.europesays.com\/pt\/wp-json\/wp\/v2\/users\/2"}],"replies":[{"embeddable":true,"href":"https:\/\/www.europesays.com\/pt\/wp-json\/wp\/v2\/comments?post=163765"}],"version-history":[{"count":0,"href":"https:\/\/www.europesays.com\/pt\/wp-json\/wp\/v2\/posts\/163765\/revisions"}],"wp:featuredmedia":[{"embeddable":true,"href":"https:\/\/www.europesays.com\/pt\/wp-json\/wp\/v2\/media\/163766"}],"wp:attachment":[{"href":"https:\/\/www.europesays.com\/pt\/wp-json\/wp\/v2\/media?parent=163765"}],"wp:term":[{"taxonomy":"category","embeddable":true,"href":"https:\/\/www.europesays.com\/pt\/wp-json\/wp\/v2\/categories?post=163765"},{"taxonomy":"post_tag","embeddable":true,"href":"https:\/\/www.europesays.com\/pt\/wp-json\/wp\/v2\/tags?post=163765"}],"curies":[{"name":"wp","href":"https:\/\/api.w.org\/{rel}","templated":true}]}}