{"id":163769,"date":"2025-11-24T18:33:11","date_gmt":"2025-11-24T18:33:11","guid":{"rendered":"https:\/\/www.europesays.com\/pt\/163769\/"},"modified":"2025-11-24T18:33:11","modified_gmt":"2025-11-24T18:33:11","slug":"uso-incorreto-de-retinol-o-que-aconteceu-ao-namorado-de-mafalda-castro","status":"publish","type":"post","link":"https:\/\/www.europesays.com\/pt\/163769\/","title":{"rendered":"Uso incorreto de retinol: O que aconteceu ao namorado de Mafalda Castro?"},"content":{"rendered":"<p>Quantas dicas de cuidados de sa\u00fade, sejam eles de pele ou capilares, aplica depois de passar umas horas a fazer scroll nas redes sociais? Veja os riscos que pode correr.<\/p>\n<p>O namorado e seguidor fiel da influencer Mafalda Castro decidiu consult\u00e1-la sobre a aplica\u00e7\u00e3o de retinol. Provavelmente j\u00e1 se deparou com esse v\u00eddeo.<\/p>\n<p>Depois de uma resposta r\u00e1pida e impulsiva da influencer, Rui Sim\u00f5es decidiu aplicar retinol durante as primeiras horas da manh\u00e3 e, momentos mais tarde decidiu fazer uma caminhada.<\/p>\n<p>Ap\u00f3s algumas horas de exposi\u00e7\u00e3o solar, o influencer Rui Sim\u00f5es come\u00e7ou a apresentar alguns sinais t\u00edpicos de queimaduras. Eis que o retinol come\u00e7ou a produzir o seu efeito (n\u00e3o desejado).<\/p>\n<p>O retinol \u00e9 uma forma de vitamina A que, de acordo com a Cleveland Clinic \u00a0aumenta a produ\u00e7\u00e3o de c\u00e9lulas da pele e pode ser um ingrediente adicionado a cremes, lo\u00e7\u00f5es e s\u00e9runs para a pele.<\/p>\n<p>Esta f\u00f3rmula possui &#8220;efeitos antienvelhecimento, ajuda a combater problemas de acne, ajuda a desobstruir os poros, esfolia a pele e aumenta a produ\u00e7\u00e3o de col\u00e1geno, o que pode reduzir a apar\u00eancia de linhas finas e rugas&#8221;<\/p>\n<p>Apesar de encontrar estes cremes com facilidade, se procurar uma f\u00f3rmula mais concentrada s\u00f3 vai conseguir encontrar com receita m\u00e9dica.<\/p>\n<p>N\u00e3o obstante, o que se espera dos consumidores deste tipo de produtos de beleza \u00e9 que consultem os produtos que usam, uma vez que se tratam inevitavelmente de combina\u00e7\u00f5es de componentes qu\u00edmicas.<\/p>\n<p>O uso correto e respons\u00e1vel desta subst\u00e2ncia teria evitado, no caso de Rui Sim\u00f5es esta rea\u00e7\u00e3o da pele.<\/p>\n<p>Como usar retinol corretamente?<\/p>\n<p>Dermatologistas alertam para o uso desta subst\u00e2ncia somente durante a noite e mesmo assim\u00a0deve aplicar uma camada generosa de protetor solar logo de manh\u00e3.<\/p>\n<p>Aplica\u00e7\u00e3o passo a passo:<\/p>\n<p>1 &#8211; Lave a cara e seque-a dando leves batidas;<\/p>\n<p>2 &#8211; Ap\u00f3s a lavagem aguarde 30 minutos e aplique uma camada fina de retinol em todo o rosto (tenha cuidado para n\u00e3o deixar entrar em contato com a boca, o nariz e os olhos). A dose correta n\u00e3o deve ultrapassar o tamanho de uma ervilha;<\/p>\n<p>3 &#8211; Finalize com um hidratante facial que n\u00e3o obstrua os poros.<\/p>\n<p>Outras recomenda\u00e7\u00f5es<\/p>\n<p>A par destes cuidados deve ter em aten\u00e7\u00e3o alguns sinais de alerta como a vermelhid\u00e3o e irrita\u00e7\u00e3o.<\/p>\n<p>N\u00e3o use diariamente, aplique o retinol apenas em dias alternados;<\/p>\n<p>N\u00e3o misture produtos com retinol;<\/p>\n<p>Evite produtos com retinol se tiver queimaduras solares ou outras irrita\u00e7\u00f5es na pele.<\/p>\n<p>Use protetor solar com prote\u00e7\u00e3o FPS sempre superior ou igual a 30.<\/p>\n<p>Tenha uma exposi\u00e7\u00e3o solar reduzida, sobretudo se tiver aplicado retinol na noite anterior.<\/p>\n<p>Use chap\u00e9us para se proteger do sol.\u00a0<\/p>\n<blockquote class=\"instagram-media\" style=\"background: #FFF; border: 0; border-radius: 3px; box-shadow: 0 0 1px 0 rgba(0,0,0,0.5),0 1px 10px 0 rgba(0,0,0,0.15); margin: 1px; max-width: 540px; min-width: 326px; padding: 0; width: calc(100% - 2px);\" data-instgrm-captioned=\"\" data-instgrm-permalink=\"https:\/\/www.instagram.com\/reel\/DRRuk6GAj2G\/?utm_source=ig_embed&amp;utm_campaign=loading\" data-instgrm-version=\"14\"><p>&#13;<br \/>\n                                                    &#13;\n                                                    <\/p><\/blockquote>\n<p>Erros acontecem, mas se ouviu recentemente nas redes sociais alguma dica de beleza que implique diretamente a sua sa\u00fade, por preven\u00e7\u00e3o, consulte um profissional de antes de aplic\u00e1-la.<\/p>\n<p>Leia Tamb\u00e9m:\u00a0<a href=\"https:\/\/www.noticiasaominuto.com\/lifestyle\/2893441\/mascaras-faciais-com-sangue-menstrual-tendencia-bizarra-esta-de-volta\" target=\"_blank\" rel=\"noopener noreferrer nofollow\">M\u00e1scaras faciais com sangue menstrual? Tend\u00eancia bizarra est\u00e1 de volta<\/a><\/p>\n<p>                                                    <img decoding=\"async\" src=\"https:\/\/www.europesays.com\/pt\/wp-content\/uploads\/2025\/11\/naom_691dbcef1c7ec.jpg\" border=\"0\" alt=\"Usa maquilhagem diariamente? Veja o efeito que pode ter na sua pele\"\/><\/p>\n<p>A maquilhagem pode ser o maior aliado e o melhor acess\u00f3rio, mas tamb\u00e9m se pode converter num grande inimigo, basta que n\u00e3o saiba us\u00e1-la da forma correta. Veja como atua a maquilhagem na pele e como se pode proteger de alguns malef\u00edcios.<\/p>\n<p>                                                     In\u00eas Morais Monteiro | 15:20 &#8211; 21\/11\/2025 <\/p>\n<p>                                            <script async src=\"\/\/www.instagram.com\/embed.js\"><\/script><\/p>\n","protected":false},"excerpt":{"rendered":"Quantas dicas de cuidados de sa\u00fade, sejam eles de pele ou capilares, aplica depois de passar umas horas&hellip;\n","protected":false},"author":2,"featured_media":163770,"comment_status":"","ping_status":"","sticky":false,"template":"","format":"standard","meta":{"footnotes":""},"categories":[50],"tags":[27,28,15,16,14,25,26,21,22,62,12,13,19,20,23,24,17,18,29,30,31,63,64,65],"class_list":{"0":"post-163769","1":"post","2":"type-post","3":"status-publish","4":"format-standard","5":"has-post-thumbnail","7":"category-mundo","8":"tag-breaking-news","9":"tag-breakingnews","10":"tag-featured-news","11":"tag-featurednews","12":"tag-headlines","13":"tag-latest-news","14":"tag-latestnews","15":"tag-main-news","16":"tag-mainnews","17":"tag-mundo","18":"tag-news","19":"tag-noticias","20":"tag-noticias-principais","21":"tag-noticiasprincipais","22":"tag-principais-noticias","23":"tag-principaisnoticias","24":"tag-top-stories","25":"tag-topstories","26":"tag-ultimas","27":"tag-ultimas-noticias","28":"tag-ultimasnoticias","29":"tag-world","30":"tag-world-news","31":"tag-worldnews"},"share_on_mastodon":{"url":"https:\/\/pubeurope.com\/@pt\/115606114096200998","error":""},"_links":{"self":[{"href":"https:\/\/www.europesays.com\/pt\/wp-json\/wp\/v2\/posts\/163769","targetHints":{"allow":["GET"]}}],"collection":[{"href":"https:\/\/www.europesays.com\/pt\/wp-json\/wp\/v2\/posts"}],"about":[{"href":"https:\/\/www.europesays.com\/pt\/wp-json\/wp\/v2\/types\/post"}],"author":[{"embeddable":true,"href":"https:\/\/www.europesays.com\/pt\/wp-json\/wp\/v2\/users\/2"}],"replies":[{"embeddable":true,"href":"https:\/\/www.europesays.com\/pt\/wp-json\/wp\/v2\/comments?post=163769"}],"version-history":[{"count":0,"href":"https:\/\/www.europesays.com\/pt\/wp-json\/wp\/v2\/posts\/163769\/revisions"}],"wp:featuredmedia":[{"embeddable":true,"href":"https:\/\/www.europesays.com\/pt\/wp-json\/wp\/v2\/media\/163770"}],"wp:attachment":[{"href":"https:\/\/www.europesays.com\/pt\/wp-json\/wp\/v2\/media?parent=163769"}],"wp:term":[{"taxonomy":"category","embeddable":true,"href":"https:\/\/www.europesays.com\/pt\/wp-json\/wp\/v2\/categories?post=163769"},{"taxonomy":"post_tag","embeddable":true,"href":"https:\/\/www.europesays.com\/pt\/wp-json\/wp\/v2\/tags?post=163769"}],"curies":[{"name":"wp","href":"https:\/\/api.w.org\/{rel}","templated":true}]}}