{"id":163779,"date":"2025-11-24T18:41:09","date_gmt":"2025-11-24T18:41:09","guid":{"rendered":"https:\/\/www.europesays.com\/pt\/163779\/"},"modified":"2025-11-24T18:41:09","modified_gmt":"2025-11-24T18:41:09","slug":"estreias-da-semana-observador","status":"publish","type":"post","link":"https:\/\/www.europesays.com\/pt\/163779\/","title":{"rendered":"estreias da semana \u2013 Observador"},"content":{"rendered":"<p>            RTP Play, segunda-feira, 24 de novembro<\/p>\n<p>Num pa\u00eds t\u00e3o fascinado por rendas e propriedade, atravessado por uma grave crise de habita\u00e7\u00e3o, era uma quest\u00e3o de tempo at\u00e9 que surgisse uma s\u00e9rie de humor em volta do mercado imobili\u00e1rio. Tota Alves e Gon\u00e7alo Waddington resolveram tentar a sorte numa s\u00e9rie de cinco epis\u00f3dios, com cerca de 25 minutos cada, em volta de uma ag\u00eancia que se deixou filmar. O registo \u00e9 o de mockumentary (pense em The Office), sobre uma empresa com sede em Loures, que tenta vender o podre por premium. <a href=\"https:\/\/www.rtp.pt\/play\/p15866\/porta-premium\" target=\"_blank\" rel=\"noopener nofollow\">Os epis\u00f3dios j\u00e1 est\u00e3o todos dispon\u00edveis no portal da RTP Play<\/a>.<\/p>\n<p>Filmin, ter\u00e7a-feira, 25 de novembro<\/p>\n<p>Realizada por Justin Chadwick (realizador de Mandela: Longo Caminho Para a Liberdade), Fear \u2013 Medo \u00e9 baseado numa hist\u00f3ria real, que deu origem a um romance de 2013 de Dirk Kurbjuweit, onde partilhava as suas experi\u00eancias pessoas. Cinco epis\u00f3dios sobre uma fam\u00edlia de classe m\u00e9dia que se decide mudar de Londres para Glasgow e que, vai tudo bem, at\u00e9 come\u00e7arem a ser muito importunados por um vizinho. A hist\u00f3ria \u00e9 baseada na experi\u00eancia de Kurbjuweit em Berlim, quando um vizinho seu fazia coisas inacredit\u00e1veis como tentar entrar em casa quando a mulher estava sozinha ou ter uma escada debaixo da janela de um dos quartos para os espiar.<\/p>\n<p>Disney+, quarta-feira, 26 de novembro<\/p>\n<p>H\u00e1 trinta anos, um conjunto de lan\u00e7amentos (uma s\u00e9rie de televis\u00e3o, uma colet\u00e2nea dividida em tr\u00eas volumes e a promessa de um livro) trouxeram os Beatles de volta. Em parte, tudo devido a mais de dez horas documentais, uma revisita\u00e7\u00e3o da hist\u00f3ria da banda na primeira pessoa, com Paul, George e Ringo a assumirem controlo da narrativa e com Lennon no fundo com uma boa dose de material recolhido enquanto ainda era vivo. The Beatles Anthology fazia-se de oito grandes epis\u00f3dios de televis\u00e3o, que mostravam como se documentava uma banda. \u00c9 raro existir algo assim e \u00e9 inimagin\u00e1vel este tipo de entrega no dias de hoje, em que os document\u00e1rios dos artistas parecem a\u00e7\u00f5es de marketing e menos uma vontade de pontuar a hist\u00f3ria. Essa s\u00e9rie surge agora na Disney+, totalmente restaurada por Peter Jackson, e com um epis\u00f3dio extra, que documenta a viagem dos tr\u00eas Beatles (os que estavam vivos nos 1990s) para fazer acontecer este mega document\u00e1rio. N\u00e3o precisa de ver mais nada nesta semana. A s\u00e9rie estrear\u00e1 em blocos de tr\u00eas epis\u00f3dios, os tr\u00eas primeiros nesta quarta, os restantes nos dias seguintes.<\/p>\n<p>Disney+, quarta-feira, 26 de novembro<\/p>\n<p>Hist\u00f3ria muito habitual de um pol\u00edcia com um dom fora do normal para resolver crimes. Aqui o protagonista \u00e9 Will Trent (Ram\u00f3n Rodr\u00edguez), que foi criado pelos servi\u00e7os sociais em Atlanta (facto que lhe deixou marcas para a vida). Se \u00e9 f\u00e3 da s\u00e9rie at\u00e9 agora, n\u00e3o tem desculpas para n\u00e3o ver a terceira temporada.<\/p>\n<p>Apple TV+, quarta-feira, 26 de novembro<\/p>\n<p>Por falar em terceiras temporadas, a s\u00e9rie documental da Apple TV+ est\u00e1 de volta. Produzida por Jon Favreau, Mike Gunton e pela BBC, os novos epis\u00f3dios levam-nos at\u00e9 \u00e0 Idade do Gelo e os valores de produ\u00e7\u00e3o (que permitem recria\u00e7\u00f5es magn\u00edficas) continuam a ser de refer\u00eancia. A Apple TV+ pode j\u00e1 n\u00e3o ter grande coisa a estrear este ano, mas termina novembro em grande.<\/p>\n<p>Netflix, quinta-feira, 27 de novembro<\/p>\n<p>A \u00faltima temporada de Stranger Things estreia-se esta quinta-feira, mas vamos ter de esperar pelo final, que s\u00f3 acontece a 1 de janeiro. Os quatro primeiros epis\u00f3dios, o Volume 1, chegam na madrugada de quarta para quinta e ainda n\u00e3o sabemos se h\u00e1 ou n\u00e3o raz\u00f5es para se estar entusiasmado. A quarta temporada criou ainda mais divis\u00f5es (<a href=\"https:\/\/observador.pt\/2022\/05\/23\/herois-mais-velhos-episodios-mais-longos-e-uma-historia-mais-assustadora-a-quarta-temporada-de-stranger-things-e-o-melhor-regresso\/\" target=\"_blank\" rel=\"noopener nofollow\">n\u00f3s gost\u00e1mos<\/a>), ser\u00e1 que s\u00f3 os seguidores hardcore se mant\u00eam na corrida? Mesmo que assim seja, s\u00e3o uns milh\u00f5es. Se ficar para ver o resto, o Volume 2 chega no dia de Natal (tr\u00eas epis\u00f3dios) e o epis\u00f3dio final revela-se na passagem do ano.<\/p>\n","protected":false},"excerpt":{"rendered":"RTP Play, segunda-feira, 24 de novembro Num pa\u00eds t\u00e3o fascinado por rendas e propriedade, atravessado por uma grave&hellip;\n","protected":false},"author":2,"featured_media":163780,"comment_status":"","ping_status":"","sticky":false,"template":"","format":"standard","meta":{"footnotes":""},"categories":[140],"tags":[470,315,114,115,147,148,146,32,33,1749],"class_list":{"0":"post-163779","1":"post","2":"type-post","3":"status-publish","4":"format-standard","5":"has-post-thumbnail","7":"category-filmes","8":"tag-cinema","9":"tag-cultura","10":"tag-entertainment","11":"tag-entretenimento","12":"tag-film","13":"tag-filmes","14":"tag-movies","15":"tag-portugal","16":"tag-pt","17":"tag-su00e9ries"},"share_on_mastodon":{"url":"https:\/\/pubeurope.com\/@pt\/115606145301131001","error":""},"_links":{"self":[{"href":"https:\/\/www.europesays.com\/pt\/wp-json\/wp\/v2\/posts\/163779","targetHints":{"allow":["GET"]}}],"collection":[{"href":"https:\/\/www.europesays.com\/pt\/wp-json\/wp\/v2\/posts"}],"about":[{"href":"https:\/\/www.europesays.com\/pt\/wp-json\/wp\/v2\/types\/post"}],"author":[{"embeddable":true,"href":"https:\/\/www.europesays.com\/pt\/wp-json\/wp\/v2\/users\/2"}],"replies":[{"embeddable":true,"href":"https:\/\/www.europesays.com\/pt\/wp-json\/wp\/v2\/comments?post=163779"}],"version-history":[{"count":0,"href":"https:\/\/www.europesays.com\/pt\/wp-json\/wp\/v2\/posts\/163779\/revisions"}],"wp:featuredmedia":[{"embeddable":true,"href":"https:\/\/www.europesays.com\/pt\/wp-json\/wp\/v2\/media\/163780"}],"wp:attachment":[{"href":"https:\/\/www.europesays.com\/pt\/wp-json\/wp\/v2\/media?parent=163779"}],"wp:term":[{"taxonomy":"category","embeddable":true,"href":"https:\/\/www.europesays.com\/pt\/wp-json\/wp\/v2\/categories?post=163779"},{"taxonomy":"post_tag","embeddable":true,"href":"https:\/\/www.europesays.com\/pt\/wp-json\/wp\/v2\/tags?post=163779"}],"curies":[{"name":"wp","href":"https:\/\/api.w.org\/{rel}","templated":true}]}}