{"id":163803,"date":"2025-11-24T19:02:00","date_gmt":"2025-11-24T19:02:00","guid":{"rendered":"https:\/\/www.europesays.com\/pt\/163803\/"},"modified":"2025-11-24T19:02:00","modified_gmt":"2025-11-24T19:02:00","slug":"neandertais-e-humanos-primitivos-provavelmente-se-beijavam-diz-estudo","status":"publish","type":"post","link":"https:\/\/www.europesays.com\/pt\/163803\/","title":{"rendered":"Neandertais e humanos primitivos provavelmente se beijavam, diz estudo"},"content":{"rendered":"<p data-start=\"524\" data-end=\"949\">Beijar pode parecer um comportamento exclusivamente humano, mas novas evid\u00eancias apontam que o gesto tem ra\u00edzes muito mais profundas na evolu\u00e7\u00e3o e que <strong data-start=\"677\" data-end=\"744\">neandertais e primeiros humanos modernos provavelmente tamb\u00e9m se beijavam<\/strong>. A conclus\u00e3o faz parte de um estudo da Universidade de Oxford publicado na revista <a href=\"https:\/\/www.sciencedirect.com\/science\/article\/pii\/S1090513825001370?ref=pdf_download&amp;fr=RR-2&amp;rr=9a0ef885ca797e7d\" target=\"_blank\" rel=\"noopener nofollow\">Evolution and Human Behavior<\/a>, que analisou registros de primatas vivos, f\u00f3sseis e padr\u00f5es de parentesco entre esp\u00e9cies.<\/p>\n<p data-start=\"951\" data-end=\"1393\">O ponto de partida dos pesquisadores foi a necessidade de redefinir o que \u00e9 um beijo. Segundo a equipe, muitas defini\u00e7\u00f5es anteriores eram centradas no comportamento humano e exclu\u00edam outras esp\u00e9cies. O novo trabalho descreve o beijo como uma <strong data-start=\"1193\" data-end=\"1272\">intera\u00e7\u00e3o amistosa de contato boca a boca entre indiv\u00edduos da mesma esp\u00e9cie<\/strong>, sem transfer\u00eancia de alimento e com movimentos caracter\u00edsticos. Sendo assim, uma defini\u00e7\u00e3o que permite comparar diferentes animais.<\/p>\n<p data-start=\"1395\" data-end=\"1744\">A partir disso, os autores buscaram registros detalhados de primatas africanos e asi\u00e1ticos, como bonobos, chimpanz\u00e9s e orangotangos, conhecidos por exibir <strong>comportamentos pr\u00f3ximos ao beijo humano<\/strong>. V\u00eddeos e documenta\u00e7\u00e3o foram usados para confirmar que, em muitos casos, esses encontros boca a boca tinham <strong>motiva\u00e7\u00e3o social, de v\u00ednculo ou reconcilia\u00e7\u00e3o<\/strong>.<\/p>\n<p data-start=\"1746\" data-end=\"2015\">Com esse banco de dados, os cientistas cruzaram as informa\u00e7\u00f5es com rela\u00e7\u00f5es evolutivas entre esp\u00e9cies vivas e extintas. As estimativas sugerem que o beijo surgiu <strong data-start=\"1908\" data-end=\"1959\">entre 21,5 milh\u00f5es e 16,9 milh\u00f5es de anos atr\u00e1s<\/strong>, muito antes do surgimento dos primeiros seres humanos.<\/p>\n<p><strong data-start=\"2025\" data-end=\"2100\">O que o beij0 significa para neandertais e humanos?<\/strong><\/p>\n<p data-start=\"2102\" data-end=\"2352\">Com base na \u00e1rvore evolutiva, os pesquisadores afirmam que <strong data-start=\"2161\" data-end=\"2249\">neandertais, parentes pr\u00f3ximos dos humanos modernos, provavelmente tamb\u00e9m beijavam<\/strong>. E, como as duas esp\u00e9cies conviveram e tiveram filhos, o gesto pode ter feito parte dessas intera\u00e7\u00f5es.<\/p>\n<p>    Continua ap\u00f3s a publicidade<\/p>\n<p data-start=\"2354\" data-end=\"2717\">A hip\u00f3tese ganha for\u00e7a porque estudos anteriores j\u00e1 mostraram que humanos e neandertais <strong data-start=\"2442\" data-end=\"2516\">compartilharam o mesmo micr\u00f3bio bucal por centenas de milhares de anos<\/strong>, o que sugere contato frequente e proximidade f\u00edsica. Al\u00e9m disso, pessoas de ascend\u00eancia n\u00e3o africana carregam trechos de DNA neandertal, confirmando que houve rela\u00e7\u00f5es \u00edntimas entre as duas esp\u00e9cies.<\/p>\n<p data-start=\"2719\" data-end=\"2980\">O estudo ressalta, por\u00e9m, que o beijo, mesmo entre humanos atuais, <strong data-start=\"2786\" data-end=\"2805\">n\u00e3o \u00e9 universal<\/strong>;<strong data-start=\"2786\" data-end=\"2805\"> a<\/strong>lgumas culturas n\u00e3o adotam o gesto. Por isso, o comportamento provavelmente tinha fun\u00e7\u00f5es adaptativas variadas: desde refor\u00e7o de v\u00ednculos sociais at\u00e9 sele\u00e7\u00e3o de parceiros.<\/p>\n","protected":false},"excerpt":{"rendered":"Beijar pode parecer um comportamento exclusivamente humano, mas novas evid\u00eancias apontam que o gesto tem ra\u00edzes muito mais&hellip;\n","protected":false},"author":2,"featured_media":163804,"comment_status":"","ping_status":"","sticky":false,"template":"","format":"standard","meta":{"footnotes":""},"categories":[84],"tags":[109,107,108,32,33,105,103,104,106,110],"class_list":{"0":"post-163803","1":"post","2":"type-post","3":"status-publish","4":"format-standard","5":"has-post-thumbnail","7":"category-ciencia-e-tecnologia","8":"tag-ciencia","9":"tag-ciencia-e-tecnologia","10":"tag-cienciaetecnologia","11":"tag-portugal","12":"tag-pt","13":"tag-science","14":"tag-science-and-technology","15":"tag-scienceandtechnology","16":"tag-technology","17":"tag-tecnologia"},"share_on_mastodon":{"url":"https:\/\/pubeurope.com\/@pt\/115606227744854998","error":""},"_links":{"self":[{"href":"https:\/\/www.europesays.com\/pt\/wp-json\/wp\/v2\/posts\/163803","targetHints":{"allow":["GET"]}}],"collection":[{"href":"https:\/\/www.europesays.com\/pt\/wp-json\/wp\/v2\/posts"}],"about":[{"href":"https:\/\/www.europesays.com\/pt\/wp-json\/wp\/v2\/types\/post"}],"author":[{"embeddable":true,"href":"https:\/\/www.europesays.com\/pt\/wp-json\/wp\/v2\/users\/2"}],"replies":[{"embeddable":true,"href":"https:\/\/www.europesays.com\/pt\/wp-json\/wp\/v2\/comments?post=163803"}],"version-history":[{"count":0,"href":"https:\/\/www.europesays.com\/pt\/wp-json\/wp\/v2\/posts\/163803\/revisions"}],"wp:featuredmedia":[{"embeddable":true,"href":"https:\/\/www.europesays.com\/pt\/wp-json\/wp\/v2\/media\/163804"}],"wp:attachment":[{"href":"https:\/\/www.europesays.com\/pt\/wp-json\/wp\/v2\/media?parent=163803"}],"wp:term":[{"taxonomy":"category","embeddable":true,"href":"https:\/\/www.europesays.com\/pt\/wp-json\/wp\/v2\/categories?post=163803"},{"taxonomy":"post_tag","embeddable":true,"href":"https:\/\/www.europesays.com\/pt\/wp-json\/wp\/v2\/tags?post=163803"}],"curies":[{"name":"wp","href":"https:\/\/api.w.org\/{rel}","templated":true}]}}