{"id":163807,"date":"2025-11-24T19:04:12","date_gmt":"2025-11-24T19:04:12","guid":{"rendered":"https:\/\/www.europesays.com\/pt\/163807\/"},"modified":"2025-11-24T19:04:12","modified_gmt":"2025-11-24T19:04:12","slug":"futuro-apoio-a-ucrania-em-xeque-com-ativos-russos-num-limbo-legal","status":"publish","type":"post","link":"https:\/\/www.europesays.com\/pt\/163807\/","title":{"rendered":"Futuro apoio \u00e0 Ucr\u00e2nia em xeque com ativos russos num limbo legal"},"content":{"rendered":"<p data-remotead-prev-elm=\"true\" data-remotead-elm-id=\"inread\">Estima-se que os ativos russos congelados devido \u00e0 guerra na Ucr\u00e2nia cheguem a 300 mil milh\u00f5es de euros. Apesar de d\u00favidas jur\u00eddicas, levantadas maioritariamente pela B\u00e9lgica, a Uni\u00e3o Europeia planeia usar tais bens da R\u00fassia para conseguir a manuten\u00e7\u00e3o da ajuda a Kiev &#8211; com um plano cuja viabilidade parte da premissa de que Moscovo vai indemnizar o pa\u00eds que invadiu, algo improv\u00e1vel enquanto se discute o plano de paz de Trump com concess\u00f5es ao Kremlin.<\/p>\n","protected":false},"excerpt":{"rendered":"Estima-se que os ativos russos congelados devido \u00e0 guerra na Ucr\u00e2nia cheguem a 300 mil milh\u00f5es de euros.&hellip;\n","protected":false},"author":2,"featured_media":163808,"comment_status":"","ping_status":"","sticky":false,"template":"","format":"standard","meta":{"footnotes":""},"categories":[50],"tags":[27,28,15,16,889,14,25,26,21,22,62,12,13,19,20,23,24,839,17,18,29,30,31,63,64,65],"class_list":{"0":"post-163807","1":"post","2":"type-post","3":"status-publish","4":"format-standard","5":"has-post-thumbnail","7":"category-mundo","8":"tag-breaking-news","9":"tag-breakingnews","10":"tag-featured-news","11":"tag-featurednews","12":"tag-guerra-na-ucrania","13":"tag-headlines","14":"tag-latest-news","15":"tag-latestnews","16":"tag-main-news","17":"tag-mainnews","18":"tag-mundo","19":"tag-news","20":"tag-noticias","21":"tag-noticias-principais","22":"tag-noticiasprincipais","23":"tag-principais-noticias","24":"tag-principaisnoticias","25":"tag-russia","26":"tag-top-stories","27":"tag-topstories","28":"tag-ultimas","29":"tag-ultimas-noticias","30":"tag-ultimasnoticias","31":"tag-world","32":"tag-world-news","33":"tag-worldnews"},"share_on_mastodon":{"url":"https:\/\/pubeurope.com\/@pt\/115606235607253288","error":""},"_links":{"self":[{"href":"https:\/\/www.europesays.com\/pt\/wp-json\/wp\/v2\/posts\/163807","targetHints":{"allow":["GET"]}}],"collection":[{"href":"https:\/\/www.europesays.com\/pt\/wp-json\/wp\/v2\/posts"}],"about":[{"href":"https:\/\/www.europesays.com\/pt\/wp-json\/wp\/v2\/types\/post"}],"author":[{"embeddable":true,"href":"https:\/\/www.europesays.com\/pt\/wp-json\/wp\/v2\/users\/2"}],"replies":[{"embeddable":true,"href":"https:\/\/www.europesays.com\/pt\/wp-json\/wp\/v2\/comments?post=163807"}],"version-history":[{"count":0,"href":"https:\/\/www.europesays.com\/pt\/wp-json\/wp\/v2\/posts\/163807\/revisions"}],"wp:featuredmedia":[{"embeddable":true,"href":"https:\/\/www.europesays.com\/pt\/wp-json\/wp\/v2\/media\/163808"}],"wp:attachment":[{"href":"https:\/\/www.europesays.com\/pt\/wp-json\/wp\/v2\/media?parent=163807"}],"wp:term":[{"taxonomy":"category","embeddable":true,"href":"https:\/\/www.europesays.com\/pt\/wp-json\/wp\/v2\/categories?post=163807"},{"taxonomy":"post_tag","embeddable":true,"href":"https:\/\/www.europesays.com\/pt\/wp-json\/wp\/v2\/tags?post=163807"}],"curies":[{"name":"wp","href":"https:\/\/api.w.org\/{rel}","templated":true}]}}