{"id":163809,"date":"2025-11-24T19:06:21","date_gmt":"2025-11-24T19:06:21","guid":{"rendered":"https:\/\/www.europesays.com\/pt\/163809\/"},"modified":"2025-11-24T19:06:21","modified_gmt":"2025-11-24T19:06:21","slug":"acidente-em-cadeia-na-a3-sentido-braga-porto-provoca-tres-feridos","status":"publish","type":"post","link":"https:\/\/www.europesays.com\/pt\/163809\/","title":{"rendered":"Acidente em cadeia na A3 sentido Braga-Porto provoca tr\u00eas feridos"},"content":{"rendered":"<p data-remotead-prev-elm=\"true\" data-remotead-elm-id=\"inread\">Segundo avan\u00e7ou \u00e0 Lusa fonte oficial da GNR do Porto, o piso molhado, causado pela chuva, e a falta de cuidado de alguns condutores com pressa ter\u00e3o sido as causas mais prov\u00e1veis para tr\u00eas acidentes que ocorrerem quase em simult\u00e2neo esta manh\u00e3, pelas 7.30 horas, na A3, no sentido norte-sul entre Braga e Porto, perto do n\u00f3 de Seide.<\/p>\n<p>Em declara\u00e7\u00f5es \u00e0 Lusa, o major Cristal, da GNR do Porto, explicou que, no primeiro acidente, ao quil\u00f3metro 25, estiveram envolvidas seis viaturas e que cerca de 200 metros \u00e0 frente ocorreu um segundo acidente com duas viaturas. Uns metros \u00e0 frente registou-se um terceiro acidentes entre tr\u00eas viaturas.<\/p>\n<p>Desses acidentes resultaram tr\u00eas feridos ligeiros e a faixa da esquerda condicionada.<\/p>\n<p>A previs\u00e3o da GNR \u00e9 que a A3 volte a ter as vias desimpedidas na pr\u00f3xima hora.<\/p>\n","protected":false},"excerpt":{"rendered":"Segundo avan\u00e7ou \u00e0 Lusa fonte oficial da GNR do Porto, o piso molhado, causado pela chuva, e a&hellip;\n","protected":false},"author":2,"featured_media":163810,"comment_status":"","ping_status":"","sticky":false,"template":"","format":"standard","meta":{"footnotes":""},"categories":[10],"tags":[59,27,28,20018,15,16,14,25,26,352,21,22,12,13,19,20,32,23,24,33,17,18,29,30,31],"class_list":{"0":"post-163809","1":"post","2":"type-post","3":"status-publish","4":"format-standard","5":"has-post-thumbnail","7":"category-portugal","8":"tag-acidente","9":"tag-breaking-news","10":"tag-breakingnews","11":"tag-concelho-porto","12":"tag-featured-news","13":"tag-featurednews","14":"tag-headlines","15":"tag-latest-news","16":"tag-latestnews","17":"tag-local","18":"tag-main-news","19":"tag-mainnews","20":"tag-news","21":"tag-noticias","22":"tag-noticias-principais","23":"tag-noticiasprincipais","24":"tag-portugal","25":"tag-principais-noticias","26":"tag-principaisnoticias","27":"tag-pt","28":"tag-top-stories","29":"tag-topstories","30":"tag-ultimas","31":"tag-ultimas-noticias","32":"tag-ultimasnoticias"},"share_on_mastodon":{"url":"https:\/\/pubeurope.com\/@pt\/115606243550224075","error":""},"_links":{"self":[{"href":"https:\/\/www.europesays.com\/pt\/wp-json\/wp\/v2\/posts\/163809","targetHints":{"allow":["GET"]}}],"collection":[{"href":"https:\/\/www.europesays.com\/pt\/wp-json\/wp\/v2\/posts"}],"about":[{"href":"https:\/\/www.europesays.com\/pt\/wp-json\/wp\/v2\/types\/post"}],"author":[{"embeddable":true,"href":"https:\/\/www.europesays.com\/pt\/wp-json\/wp\/v2\/users\/2"}],"replies":[{"embeddable":true,"href":"https:\/\/www.europesays.com\/pt\/wp-json\/wp\/v2\/comments?post=163809"}],"version-history":[{"count":0,"href":"https:\/\/www.europesays.com\/pt\/wp-json\/wp\/v2\/posts\/163809\/revisions"}],"wp:featuredmedia":[{"embeddable":true,"href":"https:\/\/www.europesays.com\/pt\/wp-json\/wp\/v2\/media\/163810"}],"wp:attachment":[{"href":"https:\/\/www.europesays.com\/pt\/wp-json\/wp\/v2\/media?parent=163809"}],"wp:term":[{"taxonomy":"category","embeddable":true,"href":"https:\/\/www.europesays.com\/pt\/wp-json\/wp\/v2\/categories?post=163809"},{"taxonomy":"post_tag","embeddable":true,"href":"https:\/\/www.europesays.com\/pt\/wp-json\/wp\/v2\/tags?post=163809"}],"curies":[{"name":"wp","href":"https:\/\/api.w.org\/{rel}","templated":true}]}}