{"id":163811,"date":"2025-11-24T19:07:09","date_gmt":"2025-11-24T19:07:09","guid":{"rendered":"https:\/\/www.europesays.com\/pt\/163811\/"},"modified":"2025-11-24T19:07:09","modified_gmt":"2025-11-24T19:07:09","slug":"historico-portugal-na-final-do-mundial-sub-17","status":"publish","type":"post","link":"https:\/\/www.europesays.com\/pt\/163811\/","title":{"rendered":"Hist\u00f3rico. Portugal na final do Mundial sub-17"},"content":{"rendered":"<p>                No complexo desportivo Aspire Zone, a sele\u00e7\u00e3o portuguesa, atual campe\u00e3 europeia em t\u00edtulo, imp\u00f4s-se aos campe\u00f5es sul-americanos no desempate por grandes penalidades, depois do empate sem golos no tempo regulamentar.<\/p>\n<p>Na final, agendada para quinta-feira, \u00e0s 19:00 (16:00 em Lisboa), no Est\u00e1dio Internacional Khalifa, Portugal vai defrontar a sele\u00e7\u00e3o da \u00c1ustria, que garantiu, tamb\u00e9m pela primeira vez, presen\u00e7a no jogo decisivo, ao derrotar hoje a It\u00e1lia por 2-0.<\/p>\n<p>&#13;<br \/>\nO Brasil, detentor de quatro trof\u00e9us da categoria, vai disputar o encontro para atribui\u00e7\u00e3o do terceiro lugar, frente \u00e0 It\u00e1lia, marcado tamb\u00e9m para quinta-feira, \u00e0s 15:30 (12:30 em Lisboa), no complexo desportivo Aspire Zone.&#13;\n<\/p>\n<p>&#13;<br \/>\nc\/Lusa&#13;<\/p>\n","protected":false},"excerpt":{"rendered":"No complexo desportivo Aspire Zone, a sele\u00e7\u00e3o portuguesa, atual campe\u00e3 europeia em t\u00edtulo, imp\u00f4s-se aos campe\u00f5es sul-americanos no&hellip;\n","protected":false},"author":2,"featured_media":163812,"comment_status":"","ping_status":"","sticky":false,"template":"","format":"standard","meta":{"footnotes":""},"categories":[8],"tags":[27,28,15,16,14,25,26,21,22,12,13,19,20,32,23,24,33,420,421,17,18,29,30,31],"class_list":{"0":"post-163811","1":"post","2":"type-post","3":"status-publish","4":"format-standard","5":"has-post-thumbnail","7":"category-principais-noticias","8":"tag-breaking-news","9":"tag-breakingnews","10":"tag-featured-news","11":"tag-featurednews","12":"tag-headlines","13":"tag-latest-news","14":"tag-latestnews","15":"tag-main-news","16":"tag-mainnews","17":"tag-news","18":"tag-noticias","19":"tag-noticias-principais","20":"tag-noticiasprincipais","21":"tag-portugal","22":"tag-principais-noticias","23":"tag-principaisnoticias","24":"tag-pt","25":"tag-rtp","26":"tag-rtp-noticias","27":"tag-top-stories","28":"tag-topstories","29":"tag-ultimas","30":"tag-ultimas-noticias","31":"tag-ultimasnoticias"},"share_on_mastodon":{"url":"https:\/\/pubeurope.com\/@pt\/115606247700180869","error":""},"_links":{"self":[{"href":"https:\/\/www.europesays.com\/pt\/wp-json\/wp\/v2\/posts\/163811","targetHints":{"allow":["GET"]}}],"collection":[{"href":"https:\/\/www.europesays.com\/pt\/wp-json\/wp\/v2\/posts"}],"about":[{"href":"https:\/\/www.europesays.com\/pt\/wp-json\/wp\/v2\/types\/post"}],"author":[{"embeddable":true,"href":"https:\/\/www.europesays.com\/pt\/wp-json\/wp\/v2\/users\/2"}],"replies":[{"embeddable":true,"href":"https:\/\/www.europesays.com\/pt\/wp-json\/wp\/v2\/comments?post=163811"}],"version-history":[{"count":0,"href":"https:\/\/www.europesays.com\/pt\/wp-json\/wp\/v2\/posts\/163811\/revisions"}],"wp:featuredmedia":[{"embeddable":true,"href":"https:\/\/www.europesays.com\/pt\/wp-json\/wp\/v2\/media\/163812"}],"wp:attachment":[{"href":"https:\/\/www.europesays.com\/pt\/wp-json\/wp\/v2\/media?parent=163811"}],"wp:term":[{"taxonomy":"category","embeddable":true,"href":"https:\/\/www.europesays.com\/pt\/wp-json\/wp\/v2\/categories?post=163811"},{"taxonomy":"post_tag","embeddable":true,"href":"https:\/\/www.europesays.com\/pt\/wp-json\/wp\/v2\/tags?post=163811"}],"curies":[{"name":"wp","href":"https:\/\/api.w.org\/{rel}","templated":true}]}}