{"id":163813,"date":"2025-11-24T19:08:09","date_gmt":"2025-11-24T19:08:09","guid":{"rendered":"https:\/\/www.europesays.com\/pt\/163813\/"},"modified":"2025-11-24T19:08:09","modified_gmt":"2025-11-24T19:08:09","slug":"janja-assiste-a-musical-wicked-e-ganha-presente-24-11-2025-celebridades","status":"publish","type":"post","link":"https:\/\/www.europesays.com\/pt\/163813\/","title":{"rendered":"Janja assiste a musical &#8216;Wicked&#8217; e ganha presente &#8211; 24\/11\/2025 &#8211; Celebridades"},"content":{"rendered":"<p>\n<strong class=\"c-signature__location\">Rio de Janeiro<\/strong>\n<\/p>\n<p><a href=\"https:\/\/www1.folha.uol.com.br\/folha-topicos\/janja\/\" rel=\"nofollow noopener\" target=\"\">Janja Lula da Silva <\/a>assistiu ao<a href=\"https:\/\/www1.folha.uol.com.br\/ilustrada\/2025\/03\/apos-oscar-wicked-volta-aos-palcos-com-tom-politico-saliente-e-mais-tecnologia.shtml\" rel=\"nofollow noopener\" target=\"\"> musical &#8220;Wicked&#8221;<\/a> neste domingo (23), no Teatro Renault, em S\u00e3o Paulo. Acompanhada por <a href=\"https:\/\/www1.folha.uol.com.br\/folha-topicos\/paulo-vieira\/\" rel=\"nofollow noopener\" target=\"\">Paulo Vieira<\/a> e pela noiva do ator, Ilana Sales, <a href=\"https:\/\/www1.folha.uol.com.br\/poder\/2025\/10\/janja-publica-video-rezando-com-lula-apos-problema-em-aviao-no-para.shtml\" rel=\"nofollow noopener\" target=\"\">a primeira-dama<\/a> foi \u00e0 \u00faltima sess\u00e3o do dia e, ao final do espet\u00e1culo, interagiu com o elenco. Ela recebeu dois livros de fotos de Wicked autografados pela companhia.<\/p>\n","protected":false},"excerpt":{"rendered":"Rio de Janeiro Janja Lula da Silva assistiu ao musical &#8220;Wicked&#8221; neste domingo (23), no Teatro Renault, em&hellip;\n","protected":false},"author":2,"featured_media":163814,"comment_status":"","ping_status":"","sticky":false,"template":"","format":"standard","meta":{"footnotes":""},"categories":[145],"tags":[219,211,210,223,114,115,224,225,226,221,220,222,34666,1540,1642,32,33,218,228,227,5069],"class_list":{"0":"post-163813","1":"post","2":"type-post","3":"status-publish","4":"format-standard","5":"has-post-thumbnail","7":"category-celebridades","8":"tag-bichos","9":"tag-celebridades","10":"tag-celebrities","11":"tag-colunistas","12":"tag-entertainment","13":"tag-entretenimento","14":"tag-estranho","15":"tag-eu-amo","16":"tag-fofices","17":"tag-horoscopo","18":"tag-humanos","19":"tag-humor","20":"tag-janja","21":"tag-lula","22":"tag-musical","23":"tag-portugal","24":"tag-pt","25":"tag-televisao","26":"tag-tudo","27":"tag-videos","28":"tag-wicked"},"share_on_mastodon":{"url":"https:\/\/pubeurope.com\/@pt\/115606251301306744","error":""},"_links":{"self":[{"href":"https:\/\/www.europesays.com\/pt\/wp-json\/wp\/v2\/posts\/163813","targetHints":{"allow":["GET"]}}],"collection":[{"href":"https:\/\/www.europesays.com\/pt\/wp-json\/wp\/v2\/posts"}],"about":[{"href":"https:\/\/www.europesays.com\/pt\/wp-json\/wp\/v2\/types\/post"}],"author":[{"embeddable":true,"href":"https:\/\/www.europesays.com\/pt\/wp-json\/wp\/v2\/users\/2"}],"replies":[{"embeddable":true,"href":"https:\/\/www.europesays.com\/pt\/wp-json\/wp\/v2\/comments?post=163813"}],"version-history":[{"count":0,"href":"https:\/\/www.europesays.com\/pt\/wp-json\/wp\/v2\/posts\/163813\/revisions"}],"wp:featuredmedia":[{"embeddable":true,"href":"https:\/\/www.europesays.com\/pt\/wp-json\/wp\/v2\/media\/163814"}],"wp:attachment":[{"href":"https:\/\/www.europesays.com\/pt\/wp-json\/wp\/v2\/media?parent=163813"}],"wp:term":[{"taxonomy":"category","embeddable":true,"href":"https:\/\/www.europesays.com\/pt\/wp-json\/wp\/v2\/categories?post=163813"},{"taxonomy":"post_tag","embeddable":true,"href":"https:\/\/www.europesays.com\/pt\/wp-json\/wp\/v2\/tags?post=163813"}],"curies":[{"name":"wp","href":"https:\/\/api.w.org\/{rel}","templated":true}]}}