{"id":163819,"date":"2025-11-24T19:14:15","date_gmt":"2025-11-24T19:14:15","guid":{"rendered":"https:\/\/www.europesays.com\/pt\/163819\/"},"modified":"2025-11-24T19:14:15","modified_gmt":"2025-11-24T19:14:15","slug":"mundial-sub-17-austria-apura-se-pela-primeira-vez-para-a-final","status":"publish","type":"post","link":"https:\/\/www.europesays.com\/pt\/163819\/","title":{"rendered":"Mundial sub-17. \u00c1ustria apura-se pela primeira vez para a final"},"content":{"rendered":"<p>                Na terceira participa\u00e7\u00e3o num Mundial da categoria, os austr\u00edacos impuseram-se com um \u2018bis\u2019 de Johannes Moser, que se isolou como melhor marcador da prova, com oito golos, ap\u00f3s \u2018faturar\u2019 aos 57 e 90+3 minutos.<\/p>\n<p>Imediatamente antes do segundo golo da \u00c1ustria, os italianos ficaram reduzidos 10 jogadores, por expuls\u00e3o de Benit Borasio, aos 90+2, apenas 10 minutos depois de ter sido lan\u00e7ado pelo selecionador Massimiliano Favo.<\/p>\n<p>Na sua primeira final no Mundial de sub-17, os austr\u00edacos v\u00e3o defrontar Portugal ou Brasil, que jogam hoje a outra meia-final, a partir das 16:00.<\/p>\n<p>&#13;<br \/>\nA decis\u00e3o est\u00e1 agendada para quinta-feira, no Est\u00e1dio Internacional Khalifa, a partir das 19h00 locais (16h00 em Lisboa), pouco depois de ser discutido o encontro pelo terceiro lugar, \u00e0s 15h30 (12h30), entre It\u00e1lia e o derrotado entre portugueses e brasileiros, este no complexo desportivo Aspire Zone, onde t\u00eam decorrido todos os jogos da prova.<br \/>&#13;<\/p>\n","protected":false},"excerpt":{"rendered":"Na terceira participa\u00e7\u00e3o num Mundial da categoria, os austr\u00edacos impuseram-se com um \u2018bis\u2019 de Johannes Moser, que se&hellip;\n","protected":false},"author":2,"featured_media":163820,"comment_status":"","ping_status":"","sticky":false,"template":"","format":"standard","meta":{"footnotes":""},"categories":[87],"tags":[135,13,32,33,420,421,134],"class_list":{"0":"post-163819","1":"post","2":"type-post","3":"status-publish","4":"format-standard","5":"has-post-thumbnail","7":"category-desporto","8":"tag-desporto","9":"tag-noticias","10":"tag-portugal","11":"tag-pt","12":"tag-rtp","13":"tag-rtp-noticias","14":"tag-sports"},"share_on_mastodon":{"url":"https:\/\/pubeurope.com\/@pt\/115606276685369371","error":""},"_links":{"self":[{"href":"https:\/\/www.europesays.com\/pt\/wp-json\/wp\/v2\/posts\/163819","targetHints":{"allow":["GET"]}}],"collection":[{"href":"https:\/\/www.europesays.com\/pt\/wp-json\/wp\/v2\/posts"}],"about":[{"href":"https:\/\/www.europesays.com\/pt\/wp-json\/wp\/v2\/types\/post"}],"author":[{"embeddable":true,"href":"https:\/\/www.europesays.com\/pt\/wp-json\/wp\/v2\/users\/2"}],"replies":[{"embeddable":true,"href":"https:\/\/www.europesays.com\/pt\/wp-json\/wp\/v2\/comments?post=163819"}],"version-history":[{"count":0,"href":"https:\/\/www.europesays.com\/pt\/wp-json\/wp\/v2\/posts\/163819\/revisions"}],"wp:featuredmedia":[{"embeddable":true,"href":"https:\/\/www.europesays.com\/pt\/wp-json\/wp\/v2\/media\/163820"}],"wp:attachment":[{"href":"https:\/\/www.europesays.com\/pt\/wp-json\/wp\/v2\/media?parent=163819"}],"wp:term":[{"taxonomy":"category","embeddable":true,"href":"https:\/\/www.europesays.com\/pt\/wp-json\/wp\/v2\/categories?post=163819"},{"taxonomy":"post_tag","embeddable":true,"href":"https:\/\/www.europesays.com\/pt\/wp-json\/wp\/v2\/tags?post=163819"}],"curies":[{"name":"wp","href":"https:\/\/api.w.org\/{rel}","templated":true}]}}