{"id":163827,"date":"2025-11-24T19:21:46","date_gmt":"2025-11-24T19:21:46","guid":{"rendered":"https:\/\/www.europesays.com\/pt\/163827\/"},"modified":"2025-11-24T19:21:46","modified_gmt":"2025-11-24T19:21:46","slug":"saiba-onde-vao-estar-os-radares-da-psp-esta-semana","status":"publish","type":"post","link":"https:\/\/www.europesays.com\/pt\/163827\/","title":{"rendered":"saiba onde v\u00e3o estar os radares da PSP esta semana"},"content":{"rendered":"<p>A Pol\u00edcia de Seguran\u00e7a P\u00fablica (PSP) disponibilizou, como j\u00e1 vem sendo habitual, a calendariza\u00e7\u00e3o e respetivo hor\u00e1rio de algumas opera\u00e7\u00f5es de controlo de velocidade ao longo do m\u00eas de novembro. S\u00e3o mais de 100 locais em todo o pa\u00eds e ilhas.<\/p>\n<p>A PSP indica que o planeamento \u00e9 \u201cindicativo\u201d, pelo que est\u00e1 sujeito a \u201caltera\u00e7\u00f5es pontuais\u201d.<\/p>\n<p>Assim, tome nota de onde v\u00e3o estar os pr\u00f3ximos dias, ao longo desta semana:<\/p>\n<p><strong>BEJA<\/strong><\/p>\n<p>\u200b26-nov 09H00\/12H00 Rua Manuel Joaquim Delgado \u2013 Beja<\/p>\n<p><strong>BRAGAN\u00c7A<\/strong><\/p>\n<p>\u200b25-nov 08H00\/13H00 Cintura Interna de Bragan\u00e7a \u2013 Quinta do Campelo, Bragan\u00e7a<\/p>\n<p><strong>CASTELO BRANCO<\/strong><\/p>\n<p>\u200b24-nov 08H00\/12H00 Alameda P\u00earo da Covilh\u00e3 (junto ao Hotel D. Maria) \u2013 Covilh\u00e3<\/p>\n<p><strong>COIMBRA<\/strong><\/p>\n<p>\u200b28-nov 09H30 Av\u00aa. Da Lous\u00e3      <\/p>\n<p><strong>FIGUEIRA DA FOZ<\/strong><\/p>\n<p>\u200b26-nov 09H00\/12H00 Av. Dr. Francisco S\u00e1 Carneiro<\/p>\n<p><strong>FARO<\/strong><\/p>\n<p>\u200b25-nov 09H00\/12H00 Estrada de Monchique \u2013 V2<\/p>\n<p>\u200b25-nov 14H00\/16H00 Avenida de Castro Marim \u2013 VRSA<\/p>\n<p><strong>GUARDA<\/strong><\/p>\n<p>\u200b24-nov 09H00\/13H00 Via da Cintura Externa (Guarda<\/p>\n<p><strong>LEIRIA<\/strong><\/p>\n<p>\u200b25-nov 14H00\/17H00 EN 356-1 Alcogulhe \u2013 Leiria<\/p>\n<p>\u200b26-nov 14H00\/17H00 Estrada da Nazar\u00e9 Km 15.2 \u2013 Marinha Grande<\/p>\n<p><strong>LISBOA<\/strong><\/p>\n<p>\u200b24-nov 08H00\/11H00 A2 \u2013 Ponte 25 de Abril \u2013 Almada<\/p>\n<p>\u200b25-nov 08H30\/11H30 Estrada Nacional 250.1 \u2013 Barat\u00e3 \u2013 Algueir\u00e3o \u2013 Sintra<\/p>\n<p>\u200b25-nov 13H30\/16H00 Avenida Eng. Duarte Pacheco \u2013 Queluz<\/p>\n<p>\u200b26-nov 14H00\/17H00 Avenida da \u00cdndia \u2013 Lisboa<\/p>\n<p><strong>MADEIRA<\/strong><\/p>\n<p>\u200b25-nov 18H00\/22H00 VR-1 Km 9.4 Este-Oeste \u2013 C\u00e2mara de Lobos<\/p>\n<p><strong>PORTALEGRE<\/strong><\/p>\n<p>\u200b24-nov 09H00\/11H00 EN 373 \u2013 Elvas<\/p>\n<p><strong>PORTO<\/strong><\/p>\n<p>\u200b24-nov 08H\/16H Av. Calouste Gulbenkian (junto Inst, Superior Artes e Design), Matosinhos<\/p>\n<p>\u200b26-nov 08H\/15H Rua Dr. Joaquim Nogueira dos Santos, 885, Maia<\/p>\n<p>\u200b27-nov 08H\/15H Av. Marechal Gomes da Costa 1300, Porto<\/p>\n<p><strong>SANTAR\u00c9M<\/strong><\/p>\n<p>\u200b27-nov 08H00\/12H00 Rua Dr Armando Reis Vieira \u2013 Our\u00e9m<\/p>\n<p><strong>SET\u00daBAL<\/strong><\/p>\n<p>\u200b26-nov 09H30H00 AV. MAR \u2013 CORROIOS-Georreferencia\u00e7\u00e3o 38\u00b035\u201916.5\u2033N 9\u00b009\u201939.2\u2033W<\/p>\n<p><strong>VILA REAL<\/strong><\/p>\n<p>\u200b26-nov 08H00\/13H00 Avenida Bracara Augusta \u2013 Chaves<\/p>\n<p>\u200b26-nov 14H00\/16H00 Av. Unesco \u2013 Vila Real<\/p>\n<p><strong>VIANA DO CASTELO<\/strong><\/p>\n<p>\u200b24-nov 10H00\/13H00 Ponte de Lima<\/p>\n<p>\u200b25-nov 20H30\/23H30 Avenida do Meio.<\/p>\n","protected":false},"excerpt":{"rendered":"A Pol\u00edcia de Seguran\u00e7a P\u00fablica (PSP) disponibilizou, como j\u00e1 vem sendo habitual, a calendariza\u00e7\u00e3o e respetivo hor\u00e1rio de&hellip;\n","protected":false},"author":2,"featured_media":72623,"comment_status":"","ping_status":"","sticky":false,"template":"","format":"standard","meta":{"footnotes":""},"categories":[10],"tags":[27,28,15,16,14,25,26,21,22,12,13,19,20,32,23,24,33,17,18,29,30,31],"class_list":{"0":"post-163827","1":"post","2":"type-post","3":"status-publish","4":"format-standard","5":"has-post-thumbnail","7":"category-portugal","8":"tag-breaking-news","9":"tag-breakingnews","10":"tag-featured-news","11":"tag-featurednews","12":"tag-headlines","13":"tag-latest-news","14":"tag-latestnews","15":"tag-main-news","16":"tag-mainnews","17":"tag-news","18":"tag-noticias","19":"tag-noticias-principais","20":"tag-noticiasprincipais","21":"tag-portugal","22":"tag-principais-noticias","23":"tag-principaisnoticias","24":"tag-pt","25":"tag-top-stories","26":"tag-topstories","27":"tag-ultimas","28":"tag-ultimas-noticias","29":"tag-ultimasnoticias"},"share_on_mastodon":{"url":"https:\/\/pubeurope.com\/@pt\/115606307000582172","error":""},"_links":{"self":[{"href":"https:\/\/www.europesays.com\/pt\/wp-json\/wp\/v2\/posts\/163827","targetHints":{"allow":["GET"]}}],"collection":[{"href":"https:\/\/www.europesays.com\/pt\/wp-json\/wp\/v2\/posts"}],"about":[{"href":"https:\/\/www.europesays.com\/pt\/wp-json\/wp\/v2\/types\/post"}],"author":[{"embeddable":true,"href":"https:\/\/www.europesays.com\/pt\/wp-json\/wp\/v2\/users\/2"}],"replies":[{"embeddable":true,"href":"https:\/\/www.europesays.com\/pt\/wp-json\/wp\/v2\/comments?post=163827"}],"version-history":[{"count":0,"href":"https:\/\/www.europesays.com\/pt\/wp-json\/wp\/v2\/posts\/163827\/revisions"}],"wp:featuredmedia":[{"embeddable":true,"href":"https:\/\/www.europesays.com\/pt\/wp-json\/wp\/v2\/media\/72623"}],"wp:attachment":[{"href":"https:\/\/www.europesays.com\/pt\/wp-json\/wp\/v2\/media?parent=163827"}],"wp:term":[{"taxonomy":"category","embeddable":true,"href":"https:\/\/www.europesays.com\/pt\/wp-json\/wp\/v2\/categories?post=163827"},{"taxonomy":"post_tag","embeddable":true,"href":"https:\/\/www.europesays.com\/pt\/wp-json\/wp\/v2\/tags?post=163827"}],"curies":[{"name":"wp","href":"https:\/\/api.w.org\/{rel}","templated":true}]}}