{"id":163836,"date":"2025-11-24T19:29:10","date_gmt":"2025-11-24T19:29:10","guid":{"rendered":"https:\/\/www.europesays.com\/pt\/163836\/"},"modified":"2025-11-24T19:29:10","modified_gmt":"2025-11-24T19:29:10","slug":"mundial-sub-17-portugal-vence-brasil-nos-penaltis-e-joga-final-historica","status":"publish","type":"post","link":"https:\/\/www.europesays.com\/pt\/163836\/","title":{"rendered":"Mundial Sub-17: Portugal vence Brasil nos pen\u00e1ltis e joga final hist\u00f3rica"},"content":{"rendered":"<p>Portugal apurou-se para uma final do Mundial Sub-17 pela primeira vez na hist\u00f3ria! A sele\u00e7\u00e3o orientada por Bino Ma\u00e7\u00e3es venceu o Brasil nas grandes penalidades, nesta segunda-feira, ap\u00f3s um empate a zeros. Os noventa minutos foram muito amarrados, mas dois pen\u00e1ltis falhados pelo Brasil ditaram a sorte lusa.<\/p>\n<p><a href=\"https:\/\/maisfutebol.iol.pt\/jogo\/portugalsub\/brasilsub\/13831597?tab=aominuto\" rel=\"nofollow noopener\" target=\"_blank\"><strong>RECORDE AQUI O FILME DO JOGO.<\/strong><\/a><\/p>\n<p>A primeira parte foi dividida, ou n\u00e3o fosse este um Portugal versus Brasil, dois pa\u00edses que ocupam o expoente m\u00e1ximo da modalidade. <strong>A maior parte dos remates eram prontamente bloqueados por defesas das duas forma\u00e7\u00f5es,<\/strong> dada a vontade demonstrada pelos atletas em n\u00e3o conceder qualquer golo.<\/p>\n<p>Exemplo disso aconteceu aos dez minutos, com An\u00edsio Cabral, o mais perigoso de Portugal neste Mundial Sub-17, a ver um remate forte ser bloqueado por Vit\u00e3o.<\/p>\n<p>Depois disso, <strong>o Brasil teve duas grandes chances de golo negadas por cortes oportunos de Jos\u00e9 Neto e Martim Chelmik, defensores portugueses. <\/strong>Portugal teve dificuldades em criar ocasi\u00f5es de golo ap\u00f3s isso e o melhor que conseguiu foi atrav\u00e9s de um livre direto batido pelo defesa Mauro Furtado.<\/p>\n<p>A segunda parte foi muito quezilenta, com a equipa brasileira a travar o fio de jogo com faltas sucessivas. Portugal n\u00e3o amea\u00e7ava a baliza contr\u00e1ria. Bino Ma\u00e7\u00e3es ainda uma pediu uma revis\u00e3o no VAR por considerar que Luis Pacheco, lateral brasileiro, tinha feito falta grosseira sobre Duarte Cunha, mas o \u00e1rbitro grego deu &#8216;apenas&#8217; amarelo. O extremo do FC Porto saiu a coxear, no entanto.<\/p>\n<p>O duelo arrastou-se para as grandes penalidades (n\u00e3o h\u00e1 lugar a prolongamento). <strong>Ambas as equipas mostraram mais receio de sofrer do que propriamente vontade de marcar.\u00a0<\/strong><\/p>\n<p>No desempate por grandes penalidades, Portugal falhou apenas um pen\u00e1lti em sete, curiosamente pelo guarda-redes Rom\u00e1rio Cunha. Os brasileiros Ruan Pablo e \u00c2ngelo n\u00e3o marcaram e, assim, <strong>Portugal p\u00f4de celebrar<\/strong>.<\/p>\n<p>Na final, disputada em Doha na pr\u00f3xima quinta-feira, Portugal vai enfrentar a \u00c1ustria, pelas 16 horas. Os austr\u00edacos bateram a cong\u00e9nere da It\u00e1lia pouco antes deste jogo, <strong><a href=\"https:\/\/maisfutebol.iol.pt\/sub-17\/internacional\/mundial-sub-17-austria-bate-italia-e-apura-se-para-a-final\" rel=\"nofollow noopener\" target=\"_blank\">por 2-0.<\/a><\/strong><\/p>\n<blockquote class=\"twitter-tweet\">\n<p lang=\"en\">The final is set.<\/p>\n<p>\ud83c\udfc6<\/p>\n<p>\ud83c\uddf5\ud83c\uddf9 \ud83c\udd9a\ud83c\udde6\ud83c\uddf9<a href=\"https:\/\/twitter.com\/hashtag\/U17WC?src=hash&amp;ref_src=twsrc%5Etfw\" rel=\"nofollow noopener\" target=\"_blank\">#U17WC<\/a> <a href=\"https:\/\/t.co\/oAjUrAb8ui\" rel=\"nofollow\">pic.twitter.com\/oAjUrAb8ui<\/a><\/p>\n<p>\u00a0<\/p>\n<p> \u2014 FIFA U-17 World Cup\ud83c\udfc6\ud83c\uddf6\ud83c\udde6 (@U17WC)<br \/>\n  <a href=\"https:\/\/twitter.com\/U17WC\/status\/1993021809898525020?ref_src=twsrc%5Etfw\" rel=\"nofollow noopener\" target=\"_blank\">November 24, 2025<\/a>\n <\/p><\/blockquote>\n<p>[Not\u00edcia atualizada \u00e0s 18h24]<\/p>\n<p>                                <script async src=\"https:\/\/platform.twitter.com\/widgets.js\" charset=\"utf-8\"><\/script><\/p>\n","protected":false},"excerpt":{"rendered":"Portugal apurou-se para uma final do Mundial Sub-17 pela primeira vez na hist\u00f3ria! A sele\u00e7\u00e3o orientada por Bino&hellip;\n","protected":false},"author":2,"featured_media":163837,"comment_status":"","ping_status":"","sticky":false,"template":"","format":"standard","meta":{"footnotes":""},"categories":[87],"tags":[726,135,5433,46,30972,32,34665,34671,33,47,5434,134],"class_list":{"0":"post-163836","1":"post","2":"type-post","3":"status-publish","4":"format-standard","5":"has-post-thumbnail","7":"category-desporto","8":"tag-brasil","9":"tag-desporto","10":"tag-jogos-hoje","11":"tag-maisfutebol","12":"tag-mundial-sub-17","13":"tag-portugal","14":"tag-portugal-brasil-mundial-sub-17","15":"tag-portugal-brasil","16":"tag-pt","17":"tag-pura-paixao","18":"tag-resultados-hoje","19":"tag-sports"},"share_on_mastodon":{"url":"https:\/\/pubeurope.com\/@pt\/115606334045036618","error":""},"_links":{"self":[{"href":"https:\/\/www.europesays.com\/pt\/wp-json\/wp\/v2\/posts\/163836","targetHints":{"allow":["GET"]}}],"collection":[{"href":"https:\/\/www.europesays.com\/pt\/wp-json\/wp\/v2\/posts"}],"about":[{"href":"https:\/\/www.europesays.com\/pt\/wp-json\/wp\/v2\/types\/post"}],"author":[{"embeddable":true,"href":"https:\/\/www.europesays.com\/pt\/wp-json\/wp\/v2\/users\/2"}],"replies":[{"embeddable":true,"href":"https:\/\/www.europesays.com\/pt\/wp-json\/wp\/v2\/comments?post=163836"}],"version-history":[{"count":0,"href":"https:\/\/www.europesays.com\/pt\/wp-json\/wp\/v2\/posts\/163836\/revisions"}],"wp:featuredmedia":[{"embeddable":true,"href":"https:\/\/www.europesays.com\/pt\/wp-json\/wp\/v2\/media\/163837"}],"wp:attachment":[{"href":"https:\/\/www.europesays.com\/pt\/wp-json\/wp\/v2\/media?parent=163836"}],"wp:term":[{"taxonomy":"category","embeddable":true,"href":"https:\/\/www.europesays.com\/pt\/wp-json\/wp\/v2\/categories?post=163836"},{"taxonomy":"post_tag","embeddable":true,"href":"https:\/\/www.europesays.com\/pt\/wp-json\/wp\/v2\/tags?post=163836"}],"curies":[{"name":"wp","href":"https:\/\/api.w.org\/{rel}","templated":true}]}}